{"id":135595,"date":"2019-03-12T06:00:23","date_gmt":"2019-03-12T09:00:23","guid":{"rendered":"https:\/\/diarioregionaldigital.com.br\/?p=135595"},"modified":"2019-03-11T20:24:20","modified_gmt":"2019-03-11T23:24:20","slug":"prefeitura-municipal-de-santana-do-deserto-licitacao-no043-12-03-19","status":"publish","type":"post","link":"https:\/\/diarioregionaldigital.com.br\/?p=135595","title":{"rendered":"Prefeitura Municipal de Santana do Deserto &#8211; Licita\u00e7\u00e3o n\u00ba043 &#8211; 12\/03\/19"},"content":{"rendered":"<p style=\"text-align: center;\"><span style=\"font-size: 12pt;\"><strong>Prefeitura Municipal de Santana do Deserto<\/strong><\/span><\/p>\n<p style=\"text-align: center;\">Licita\u00e7\u00e3o n\u00b0 043\/2019 &#8211; PP n\u00b0 06\/2019 PARA REGISTRO DE PRE\u00c7OS &#8211; O Munic\u00edpio de Santana do Deserto, na forma da lei, faz saber que \u00e0s 09h00min do dia 25 de mar\u00e7o de 2019, na Prefeitura, na sala de licita\u00e7\u00e3o, localizada \u00e0 P\u00e7a. Mauro Roquete Pinto, Santana do Deserto, ser\u00e1 realizada licita\u00e7\u00e3o para futura e eventual aquisi\u00e7\u00e3o de g\u00eaneros aliment\u00edcios para merenda escolar em atendimento as escolas e creches e lanche para eventos da Rede Municipal de Ensino. Tipo Menor Pre\u00e7o Por Item conforme consta no edital que se encontra a disposi\u00e7\u00e3o de todos na Prefeitura, ou em:\u00a0<a href=\"mailto:licitacao@santanadodeserto.mg.gov.br\">licitacao@santanadodeserto.mg.gov.br<\/a><\/p>\n","protected":false},"excerpt":{"rendered":"<p>Prefeitura Municipal de Santana do Deserto Licita\u00e7\u00e3o n\u00b0 043\/2019 &#8211; PP n\u00b0 06\/2019 PARA REGISTRO DE PRE\u00c7OS &#8211; O Munic\u00edpio de Santana do Deserto, na forma da lei, faz saber que \u00e0s 09h00min do dia 25 de mar\u00e7o de 2019, na Prefeitura, na sala de licita\u00e7\u00e3o, localizada \u00e0 P\u00e7a. Mauro Roquete Pinto, Santana do Deserto, [&hellip;]<\/p>\n","protected":false},"author":96,"featured_media":0,"comment_status":"closed","ping_status":"closed","sticky":false,"template":"","format":"standard","meta":{"footnotes":""},"categories":[307],"tags":[],"class_list":["post-135595","post","type-post","status-publish","format-standard","hentry","category-editais"],"_links":{"self":[{"href":"https:\/\/diarioregionaldigital.com.br\/index.php?rest_route=\/wp\/v2\/posts\/135595","targetHints":{"allow":["GET"]}}],"collection":[{"href":"https:\/\/diarioregionaldigital.com.br\/index.php?rest_route=\/wp\/v2\/posts"}],"about":[{"href":"https:\/\/diarioregionaldigital.com.br\/index.php?rest_route=\/wp\/v2\/types\/post"}],"author":[{"embeddable":true,"href":"https:\/\/diarioregionaldigital.com.br\/index.php?rest_route=\/wp\/v2\/users\/96"}],"replies":[{"embeddable":true,"href":"https:\/\/diarioregionaldigital.com.br\/index.php?rest_route=%2Fwp%2Fv2%2Fcomments&post=135595"}],"version-history":[{"count":0,"href":"https:\/\/diarioregionaldigital.com.br\/index.php?rest_route=\/wp\/v2\/posts\/135595\/revisions"}],"wp:attachment":[{"href":"https:\/\/diarioregionaldigital.com.br\/index.php?rest_route=%2Fwp%2Fv2%2Fmedia&parent=135595"}],"wp:term":[{"taxonomy":"category","embeddable":true,"href":"https:\/\/diarioregionaldigital.com.br\/index.php?rest_route=%2Fwp%2Fv2%2Fcategories&post=135595"},{"taxonomy":"post_tag","embeddable":true,"href":"https:\/\/diarioregionaldigital.com.br\/index.php?rest_route=%2Fwp%2Fv2%2Ftags&post=135595"}],"curies":[{"name":"wp","href":"https:\/\/api.w.org\/{rel}","templated":true}]}}