{"id":135587,"date":"2019-03-12T06:00:52","date_gmt":"2019-03-12T09:00:52","guid":{"rendered":"https:\/\/diarioregionaldigital.com.br\/?p=135587"},"modified":"2019-03-11T20:19:15","modified_gmt":"2019-03-11T23:19:15","slug":"canal-aberto","status":"publish","type":"post","link":"https:\/\/diarioregionaldigital.com.br\/?p=135587","title":{"rendered":"Canal Aberto"},"content":{"rendered":"<p style=\"text-align: center;\"><strong>S.O.S<\/strong><\/p>\n<p style=\"text-align: center;\">Em clima de alerta e sem apoio, os hospitais de Juiz de Fora s\u00e3o afetados por baixa distribui\u00e7\u00e3o de leite humano. Ap\u00f3s mudan\u00e7as imprudentes no Banco de Leite e a recoloca\u00e7\u00e3o de funcion\u00e1rios na cidade levou \u00e0 diminui\u00e7\u00e3o do servi\u00e7o ofertado na regi\u00e3o.<\/p>\n<p style=\"text-align: center;\"><strong>Canal Aberto<\/strong><\/p>\n<p style=\"text-align: center;\">Uma proposta em an\u00e1lise na C\u00e2mara dos Deputados obriga estabelecimentos comerciais a fixarem, em local p\u00fablico e vis\u00edvel, uma placa divulgando os telefones de atendimento \u00e0 mulher e do servi\u00e7o de den\u00fancia de viola\u00e7\u00f5es aos direitos humanos. J\u00e1 era sem tempo!<\/p>\n<p style=\"text-align: center;\"><strong>Geral<\/strong><\/p>\n<p style=\"text-align: center;\">Vinte dias depois do rompimento da barragem de Brumadinho, a Ag\u00eancia Nacional de Minera\u00e7\u00e3o (ANM) proibiu a constru\u00e7\u00e3o e determinou a extin\u00e7\u00e3o de todas as barragens a montante, que est\u00e3o desativadas, at\u00e9 2021 e as que est\u00e3o em funcionamento at\u00e9 2023. Usiminas, Gerdau, ArcelorMittal, CSN e CBMM alegam j\u00e1 executar planos para eliminar m\u00e9todo a montante.<\/p>\n<p style=\"text-align: center;\"><strong>Encaminhando<\/strong><\/p>\n<p style=\"text-align: center;\">Nesta parte do caminho e tendo em vista essa realidade, fa\u00e7a o necess\u00e1rio para que as pessoas se sintam respeitadas por voc\u00ea. Bom dia.<\/p>\n<div id=\"attachment_135575\" style=\"width: 690px\" class=\"wp-caption aligncenter\"><img loading=\"lazy\" decoding=\"async\" aria-describedby=\"caption-attachment-135575\" class=\"wp-image-135575\" src=\"https:\/\/diarioregionaldigital.com.br\/wp-content\/uploads\/2019\/03\/fotoaa-e1552339945646.jpg\" alt=\"\" width=\"680\" height=\"460\" srcset=\"https:\/\/diarioregionaldigital.com.br\/wp-content\/uploads\/2019\/03\/fotoaa-e1552339945646.jpg 960w, https:\/\/diarioregionaldigital.com.br\/wp-content\/uploads\/2019\/03\/fotoaa-e1552339945646-300x203.jpg 300w, https:\/\/diarioregionaldigital.com.br\/wp-content\/uploads\/2019\/03\/fotoaa-e1552339945646-768x520.jpg 768w, https:\/\/diarioregionaldigital.com.br\/wp-content\/uploads\/2019\/03\/fotoaa-e1552339945646-360x244.jpg 360w\" sizes=\"auto, (max-width: 680px) 100vw, 680px\" \/><p id=\"caption-attachment-135575\" class=\"wp-caption-text\">A linda juiz-forana J\u00falia Horta Miss Minas Gerais eleita Miss Brasil 2019, em S\u00e3o Paulo<\/p><\/div>\n<div id=\"attachment_135570\" style=\"width: 690px\" class=\"wp-caption aligncenter\"><img loading=\"lazy\" decoding=\"async\" aria-describedby=\"caption-attachment-135570\" class=\"wp-image-135570\" src=\"https:\/\/diarioregionaldigital.com.br\/wp-content\/uploads\/2019\/03\/fotobb-e1552339458372.jpg\" alt=\"\" width=\"680\" height=\"571\" srcset=\"https:\/\/diarioregionaldigital.com.br\/wp-content\/uploads\/2019\/03\/fotobb-e1552339458372.jpg 535w, https:\/\/diarioregionaldigital.com.br\/wp-content\/uploads\/2019\/03\/fotobb-e1552339458372-300x252.jpg 300w, https:\/\/diarioregionaldigital.com.br\/wp-content\/uploads\/2019\/03\/fotobb-e1552339458372-360x302.jpg 360w\" sizes=\"auto, (max-width: 680px) 100vw, 680px\" \/><p id=\"caption-attachment-135570\" class=\"wp-caption-text\">Aniversarinte de destaque hoje, o pequeno Arthur Carlos Ferreira Chillis completando 1 aninho ao lado dos pais, Regina Ferreira e Leonardo Chillis<\/p><\/div>\n<div id=\"attachment_135571\" style=\"width: 690px\" class=\"wp-caption aligncenter\"><img loading=\"lazy\" decoding=\"async\" aria-describedby=\"caption-attachment-135571\" class=\"wp-image-135571\" src=\"https:\/\/diarioregionaldigital.com.br\/wp-content\/uploads\/2019\/03\/fotoc-e1552339484316.jpg\" alt=\"\" width=\"680\" height=\"553\" srcset=\"https:\/\/diarioregionaldigital.com.br\/wp-content\/uploads\/2019\/03\/fotoc-e1552339484316.jpg 1043w, https:\/\/diarioregionaldigital.com.br\/wp-content\/uploads\/2019\/03\/fotoc-e1552339484316-300x244.jpg 300w, https:\/\/diarioregionaldigital.com.br\/wp-content\/uploads\/2019\/03\/fotoc-e1552339484316-768x624.jpg 768w, https:\/\/diarioregionaldigital.com.br\/wp-content\/uploads\/2019\/03\/fotoc-e1552339484316-1024x833.jpg 1024w, https:\/\/diarioregionaldigital.com.br\/wp-content\/uploads\/2019\/03\/fotoc-e1552339484316-220x180.jpg 220w, https:\/\/diarioregionaldigital.com.br\/wp-content\/uploads\/2019\/03\/fotoc-e1552339484316-360x293.jpg 360w\" sizes=\"auto, (max-width: 680px) 100vw, 680px\" \/><p id=\"caption-attachment-135571\" class=\"wp-caption-text\">Alex Ventura, absoluto no Rio de Janeiro<\/p><\/div>\n<div id=\"attachment_135573\" style=\"width: 690px\" class=\"wp-caption aligncenter\"><img loading=\"lazy\" decoding=\"async\" aria-describedby=\"caption-attachment-135573\" class=\"wp-image-135573\" src=\"https:\/\/diarioregionaldigital.com.br\/wp-content\/uploads\/2019\/03\/fotoe.jpg\" alt=\"\" width=\"680\" height=\"452\" srcset=\"https:\/\/diarioregionaldigital.com.br\/wp-content\/uploads\/2019\/03\/fotoe.jpg 1770w, https:\/\/diarioregionaldigital.com.br\/wp-content\/uploads\/2019\/03\/fotoe-300x199.jpg 300w, https:\/\/diarioregionaldigital.com.br\/wp-content\/uploads\/2019\/03\/fotoe-768x510.jpg 768w, https:\/\/diarioregionaldigital.com.br\/wp-content\/uploads\/2019\/03\/fotoe-1024x680.jpg 1024w, https:\/\/diarioregionaldigital.com.br\/wp-content\/uploads\/2019\/03\/fotoe-360x239.jpg 360w\" sizes=\"auto, (max-width: 680px) 100vw, 680px\" \/><p id=\"caption-attachment-135573\" class=\"wp-caption-text\">Na inaugura\u00e7\u00e3o do Hospital Unimed\/JF, os artistas do s\u00e9culo, Carlos Bracher, C\u00e9sar Brand\u00e3o, Petrillo e Gerson Guedes<\/p><\/div>\n<div id=\"attachment_135572\" style=\"width: 690px\" class=\"wp-caption aligncenter\"><img loading=\"lazy\" decoding=\"async\" aria-describedby=\"caption-attachment-135572\" class=\"wp-image-135572\" src=\"https:\/\/diarioregionaldigital.com.br\/wp-content\/uploads\/2019\/03\/fotod-e1552339906650.jpg\" alt=\"\" width=\"680\" height=\"453\" srcset=\"https:\/\/diarioregionaldigital.com.br\/wp-content\/uploads\/2019\/03\/fotod-e1552339906650.jpg 1580w, https:\/\/diarioregionaldigital.com.br\/wp-content\/uploads\/2019\/03\/fotod-e1552339906650-300x200.jpg 300w, https:\/\/diarioregionaldigital.com.br\/wp-content\/uploads\/2019\/03\/fotod-e1552339906650-768x511.jpg 768w, https:\/\/diarioregionaldigital.com.br\/wp-content\/uploads\/2019\/03\/fotod-e1552339906650-1024x682.jpg 1024w, https:\/\/diarioregionaldigital.com.br\/wp-content\/uploads\/2019\/03\/fotod-e1552339906650-360x240.jpg 360w\" sizes=\"auto, (max-width: 680px) 100vw, 680px\" \/><p id=\"caption-attachment-135572\" class=\"wp-caption-text\">Renato Neves comemorou anivers\u00e1rio com sua equipe no sal\u00e3o em S\u00e3o Mateus<\/p><\/div>\n<p><img loading=\"lazy\" decoding=\"async\" class=\"aligncenter size-full wp-image-134925\" src=\"https:\/\/diarioregionaldigital.com.br\/wp-content\/uploads\/2019\/02\/Viva-Ver\u00e3o-2019_02_6x26.jpg\" alt=\"\" width=\"1000\" height=\"882\" srcset=\"https:\/\/diarioregionaldigital.com.br\/wp-content\/uploads\/2019\/02\/Viva-Ver\u00e3o-2019_02_6x26.jpg 1000w, https:\/\/diarioregionaldigital.com.br\/wp-content\/uploads\/2019\/02\/Viva-Ver\u00e3o-2019_02_6x26-300x265.jpg 300w, https:\/\/diarioregionaldigital.com.br\/wp-content\/uploads\/2019\/02\/Viva-Ver\u00e3o-2019_02_6x26-768x677.jpg 768w, https:\/\/diarioregionaldigital.com.br\/wp-content\/uploads\/2019\/02\/Viva-Ver\u00e3o-2019_02_6x26-360x318.jpg 360w, https:\/\/diarioregionaldigital.com.br\/wp-content\/uploads\/2019\/02\/Viva-Ver\u00e3o-2019_02_6x26-555x490.jpg 555w\" sizes=\"auto, (max-width: 1000px) 100vw, 1000px\" \/><\/p>\n","protected":false},"excerpt":{"rendered":"<p>S.O.S Em clima de alerta e sem apoio, os hospitais de Juiz de Fora s\u00e3o afetados por baixa distribui\u00e7\u00e3o de leite humano. Ap\u00f3s mudan\u00e7as imprudentes no Banco de Leite e a recoloca\u00e7\u00e3o de funcion\u00e1rios na cidade levou \u00e0 diminui\u00e7\u00e3o do servi\u00e7o ofertado na regi\u00e3o. Canal Aberto Uma proposta em an\u00e1lise na C\u00e2mara dos Deputados obriga [&hellip;]<\/p>\n","protected":false},"author":96,"featured_media":135575,"comment_status":"closed","ping_status":"closed","sticky":false,"template":"","format":"standard","meta":{"footnotes":""},"categories":[264],"tags":[],"class_list":["post-135587","post","type-post","status-publish","format-standard","has-post-thumbnail","hentry","category-eduardo-gomes"],"_links":{"self":[{"href":"https:\/\/diarioregionaldigital.com.br\/index.php?rest_route=\/wp\/v2\/posts\/135587","targetHints":{"allow":["GET"]}}],"collection":[{"href":"https:\/\/diarioregionaldigital.com.br\/index.php?rest_route=\/wp\/v2\/posts"}],"about":[{"href":"https:\/\/diarioregionaldigital.com.br\/index.php?rest_route=\/wp\/v2\/types\/post"}],"author":[{"embeddable":true,"href":"https:\/\/diarioregionaldigital.com.br\/index.php?rest_route=\/wp\/v2\/users\/96"}],"replies":[{"embeddable":true,"href":"https:\/\/diarioregionaldigital.com.br\/index.php?rest_route=%2Fwp%2Fv2%2Fcomments&post=135587"}],"version-history":[{"count":0,"href":"https:\/\/diarioregionaldigital.com.br\/index.php?rest_route=\/wp\/v2\/posts\/135587\/revisions"}],"wp:featuredmedia":[{"embeddable":true,"href":"https:\/\/diarioregionaldigital.com.br\/index.php?rest_route=\/wp\/v2\/media\/135575"}],"wp:attachment":[{"href":"https:\/\/diarioregionaldigital.com.br\/index.php?rest_route=%2Fwp%2Fv2%2Fmedia&parent=135587"}],"wp:term":[{"taxonomy":"category","embeddable":true,"href":"https:\/\/diarioregionaldigital.com.br\/index.php?rest_route=%2Fwp%2Fv2%2Fcategories&post=135587"},{"taxonomy":"post_tag","embeddable":true,"href":"https:\/\/diarioregionaldigital.com.br\/index.php?rest_route=%2Fwp%2Fv2%2Ftags&post=135587"}],"curies":[{"name":"wp","href":"https:\/\/api.w.org\/{rel}","templated":true}]}}