{"id":135563,"date":"2019-03-11T16:47:23","date_gmt":"2019-03-11T19:47:23","guid":{"rendered":"https:\/\/diarioregionaldigital.com.br\/?p=135563"},"modified":"2019-03-11T16:47:23","modified_gmt":"2019-03-11T19:47:23","slug":"visita-de-guedes-cpi-e-pauta-de-mulheres-devem-movimentar-senado","status":"publish","type":"post","link":"https:\/\/diarioregionaldigital.com.br\/?p=135563","title":{"rendered":"Visita de Guedes, CPI e pauta de mulheres devem movimentar Senado"},"content":{"rendered":"<p>Ap\u00f3s\u00a0mais de uma semana sem sess\u00e3o deliberativa, os\u00a0senadores\u00a0t\u00eam pela frente\u00a0uma pauta extensa. A expectativa \u00e9 que, com a instala\u00e7\u00e3o da Comiss\u00e3o de Constitui\u00e7\u00e3o e Justi\u00e7a (CCJ) da C\u00e2mara, a primeira a analisar a reforma da Previd\u00eancia, o Senado\u00a0tamb\u00e9m defina a comiss\u00e3o de acompanhamento da\u00a0proposta de emenda \u00e0 Constitui\u00e7\u00e3o que vai mexer nas regras para aposentadoria de milhares de\u00a0brasileiros.<\/p>\n<p>As 12 principais comiss\u00f5es permanentes da C\u00e2mara, inclusive a CCJ,devem ser instaladas na quarta-feira,13.<\/p>\n<h2>Ministros<\/h2>\n<p>Tamb\u00e9m nesta semana, ministros de v\u00e1rias pastas\u00a0devem agendar a\u00a0ida\u00a0a comiss\u00f5es permanentes do Senado para falar de seus planos de trabalho.\u00a0A presen\u00e7a mais esperada\u00a0no Senado \u00e9 a do ministro da Economia, Paulo Guedes.\u00a0A expectativa \u00e9\u00a0que na\u00a0ter\u00e7a-feira\u00a0(12)\u00a0ele\u00a0participe de audi\u00eancia p\u00fablica\u00a0na Comiss\u00e3o de Assuntos Econ\u00f4micos\u00a0(CAE)\u00a0para debater o endividamento dos estados. Na mesma semana, ainda sem dia\u00a0confirmado,\u00a0Guedes tamb\u00e9m \u00e9 aguardado em uma sess\u00e3o tem\u00e1tica no\u00a0plen\u00e1rio da Casa para debater a reforma da Previd\u00eancia e o pacto federativo.<\/p>\n<h2>Brumadinho<\/h2>\n<p>Ainda na\u00a0ter\u00e7a-feira, os senadores devem instalar a comiss\u00e3o parlamentar de inqu\u00e9rito (CPI) para investigar o rompimento da barragem Mina C\u00f3rrego do Feij\u00e3o, em Brumadinho (MG). Com 11 titulares e sete suplentes, a CPI\u00a0vai funcionar por 180 dias.<\/p>\n<h2>Seguran\u00e7a<\/h2>\n<p>Enquanto\u00a0o texto da reforma da Previd\u00eancia n\u00e3o chega\u00a0\u00e0 Casa, um grupo de tr\u00eas senadores \u2013\u00a0Weverton (PDT-MA), Eduardo Gir\u00e3o (Pode-CE)\u00a0e Major Ol\u00edmpio (PSL-SP) \u2013\u00a0deve apresentar uma lista de projetos nas \u00e1reas de seguran\u00e7a p\u00fablica e combate \u00e0 corrup\u00e7\u00e3o para ser votada\u00a0na Casa. Devem ser inclu\u00eddos na lista projetos que tratam do aumento de penas e tipifica\u00e7\u00e3o de novos crimes, al\u00e9m de restri\u00e7\u00f5es para a progress\u00e3o de regime e sa\u00eddas tempor\u00e1rias de presos.<\/p>\n<h2>Mulheres<\/h2>\n<p>Com as atividades da Semana da Mulher\u00a0prejudicadas por causa do carnaval,\u00a0ao longo do m\u00eas, como \u00e9 tradi\u00e7\u00e3o,\u00a0os senadores\u00a0devem\u00a0ter\u00a0entre suas\u00a0prioridades\u00a0no plen\u00e1rio vota\u00e7\u00e3o de projetos de combate \u00e0 viol\u00eancia contra as mulheres e em defesa da igualdade de g\u00eanero.<\/p>\n<p>Um dos destaques \u00e9 o\u00a0Projeto de Lei da C 94\/2018, que amplia a prote\u00e7\u00e3o da Lei Maria da Penha.\u00a0Pela\u00a0a proposta, se houver risco para a mulher, o agressor dever\u00e1 ser imediatamente afastado do lar. Caso n\u00e3o haja comarca com juiz de plant\u00e3o na cidade, a autoridade policial vai poder decretar medida protetiva.\u00a0O relat\u00f3rio da senadora Leila Barros (PSB-DF) foi aprovado, por unanimidade, na Comiss\u00e3o de Direitos Humanos e aguarda defini\u00e7\u00e3o de relator na Comiss\u00e3o de Constitui\u00e7\u00e3o e Justi\u00e7a (CCJ) da Casa.<\/p>\n<p>Tamb\u00e9m podem avan\u00e7ar no Senado cerca de 20 proposi\u00e7\u00f5es entre as dezenas que foram elencadas pela Procuradoria Especial da Mulher referentes \u00e0 defesa da igualdade de g\u00eanero, ao combate \u00e0 viol\u00eancia e \u00e0 prote\u00e7\u00e3o da fam\u00edlia, da sa\u00fade e do trabalho.<\/p>\n<p>Fonte: Ag\u00eancia Brasil<\/p>\n","protected":false},"excerpt":{"rendered":"<p>Ap\u00f3s\u00a0mais de uma semana sem sess\u00e3o deliberativa, os\u00a0senadores\u00a0t\u00eam pela frente\u00a0uma pauta extensa. A expectativa \u00e9 que, com a instala\u00e7\u00e3o da Comiss\u00e3o de Constitui\u00e7\u00e3o e Justi\u00e7a (CCJ) da C\u00e2mara, a primeira a analisar a reforma da Previd\u00eancia, o Senado\u00a0tamb\u00e9m defina a comiss\u00e3o de acompanhamento da\u00a0proposta de emenda \u00e0 Constitui\u00e7\u00e3o que vai mexer nas regras para aposentadoria [&hellip;]<\/p>\n","protected":false},"author":96,"featured_media":135564,"comment_status":"closed","ping_status":"closed","sticky":false,"template":"","format":"standard","meta":{"footnotes":""},"categories":[436,254,439],"tags":[],"class_list":["post-135563","post","type-post","status-publish","format-standard","has-post-thumbnail","hentry","category-destaque-da-semana","category-politica","category-ultima-hora"],"_links":{"self":[{"href":"https:\/\/diarioregionaldigital.com.br\/index.php?rest_route=\/wp\/v2\/posts\/135563","targetHints":{"allow":["GET"]}}],"collection":[{"href":"https:\/\/diarioregionaldigital.com.br\/index.php?rest_route=\/wp\/v2\/posts"}],"about":[{"href":"https:\/\/diarioregionaldigital.com.br\/index.php?rest_route=\/wp\/v2\/types\/post"}],"author":[{"embeddable":true,"href":"https:\/\/diarioregionaldigital.com.br\/index.php?rest_route=\/wp\/v2\/users\/96"}],"replies":[{"embeddable":true,"href":"https:\/\/diarioregionaldigital.com.br\/index.php?rest_route=%2Fwp%2Fv2%2Fcomments&post=135563"}],"version-history":[{"count":0,"href":"https:\/\/diarioregionaldigital.com.br\/index.php?rest_route=\/wp\/v2\/posts\/135563\/revisions"}],"wp:featuredmedia":[{"embeddable":true,"href":"https:\/\/diarioregionaldigital.com.br\/index.php?rest_route=\/wp\/v2\/media\/135564"}],"wp:attachment":[{"href":"https:\/\/diarioregionaldigital.com.br\/index.php?rest_route=%2Fwp%2Fv2%2Fmedia&parent=135563"}],"wp:term":[{"taxonomy":"category","embeddable":true,"href":"https:\/\/diarioregionaldigital.com.br\/index.php?rest_route=%2Fwp%2Fv2%2Fcategories&post=135563"},{"taxonomy":"post_tag","embeddable":true,"href":"https:\/\/diarioregionaldigital.com.br\/index.php?rest_route=%2Fwp%2Fv2%2Ftags&post=135563"}],"curies":[{"name":"wp","href":"https:\/\/api.w.org\/{rel}","templated":true}]}}