{"id":135559,"date":"2019-03-11T16:08:12","date_gmt":"2019-03-11T19:08:12","guid":{"rendered":"https:\/\/diarioregionaldigital.com.br\/?p=135559"},"modified":"2019-03-11T16:08:12","modified_gmt":"2019-03-11T19:08:12","slug":"crise-na-argentina-afeta-exportacoes-de-produtos-manufaturados","status":"publish","type":"post","link":"https:\/\/diarioregionaldigital.com.br\/?p=135559","title":{"rendered":"Crise na Argentina afeta exporta\u00e7\u00f5es de produtos manufaturados"},"content":{"rendered":"<p>A crise cambial que assola a Argentina desde meados do ano passado est\u00e1 se refletindo na balan\u00e7a comercial brasileira. Nos dois primeiros meses do ano, o valor das exporta\u00e7\u00f5es para o terceiro parceiro comercial do Brasil caiu 42,5%, de US$ 2,68 bilh\u00f5es no primeiro bimestre de 2018 para US$ 1,54 bilh\u00e3o no mesmo per\u00edodo de 2019.<\/p>\n<p>O recuo afeta sobretudo as exporta\u00e7\u00f5es de produtos industrializados, cujas vendas para o mercado argentino ca\u00edram 43,7% na mesma compara\u00e7\u00e3o. Em janeiro e fevereiro de 2019, o Brasil exportou US$ 1,4 bilh\u00e3o em bens manufaturados para o pa\u00eds vizinho, contra US$ 2,48 bilh\u00f5es no mesmo per\u00edodo do ano passado.<\/p>\n<p>Tradicionalmente, o Brasil exporta itens industrializados para o mercado argentino, tamb\u00e9m comprando produtos manufaturados do pa\u00eds vizinho. O com\u00e9rcio bilateral concentra-se no setor automotivo, na metalurgia e em produtos petroqu\u00edmicos.<\/p>\n<p>Segundo o Minist\u00e9rio da Economia, as vendas de autom\u00f3veis de passageiros para a Argentina ca\u00edram 49,8% em janeiro e fevereiro de 2019 na compara\u00e7\u00e3o com o primeiro bimestre de 2018. As exporta\u00e7\u00f5es de pe\u00e7as para ve\u00edculos e tratores recuaram 38,7%. A maior queda porcentual, no entanto, ocorreu com os ve\u00edculos de carga, cujas exporta\u00e7\u00f5es para o mercado vizinho diminu\u00edram 64,7%.<\/p>\n<h2>Crise cambial<\/h2>\n<p>Com baixas reservas cambiais, infla\u00e7\u00e3o acumulada em 12 meses na casa dos 50% e d\u00e9ficit elevado nas contas p\u00fablicas, a Argentina enfrenta uma crise cambial desde maio do ano passado, que levou o pa\u00eds a recorrer ao Fundo Monet\u00e1rio Internacional (FMI). Nos \u00faltimos dias, o peso argentino voltou a superar a barreira de US$ 41, algo que n\u00e3o ocorria desde setembro do ano passado.<\/p>\n<p>A desvaloriza\u00e7\u00e3o da moeda local diminui a capacidade de os argentinos comprarem mercadorias brasileiras. Os bens industrializados respondem pela maior parte da queda das exporta\u00e7\u00f5es para o pa\u00eds vizinho, mas todas as categorias de produtos foram afetadas pela crise econ\u00f4mica.<\/p>\n<p>As exporta\u00e7\u00f5es de produtos semimanufaturados para a Argentina ca\u00edram 45,8%, de US$ 86 milh\u00f5es no primeiro bimestre do ano passado para US$ 39,4 milh\u00f5es em janeiro e fevereiro deste ano. As vendas de produtos b\u00e1sicos (bens agropecu\u00e1rios e minerais) recuaram 6,7%, de US$ 104 milh\u00f5es para US$ 96,7 milh\u00f5es.<\/p>\n<p>A crise fez a participa\u00e7\u00e3o da Argentina nas exporta\u00e7\u00f5es brasileiras despencar em 2019. Em janeiro e fevereiro deste ano, o pa\u00eds vizinho foi destino de 4,4% das vendas externas brasileiras, contra 7,8% no mesmo per\u00edodo de 2018.<\/p>\n<h2>Balan\u00e7a comercial<\/h2>\n<p>Segundo o diretor do Departamento de Intelig\u00eancia e Estat\u00edsticas de Com\u00e9rcio Exterior do Minist\u00e9rio da Economia, Herlon Brand\u00e3o, a queda da demanda por ve\u00edculos brasileiros da Argentina, tem impactado o desempenho de manufaturados na balan\u00e7a comercial brasileira. Nos dois primeiros meses de 2019, as vendas de produtos industrializados para o exterior ca\u00edram 11,4% ante o mesmo per\u00edodo do ano passado.<\/p>\n<p>\u201cAs exporta\u00e7\u00f5es de produtos manufaturados costumam ser influenciadas por plataformas de petr\u00f3leo. S\u00f3 que, nos dois primeiros meses de 2019, teve uma exporta\u00e7\u00e3o de plataforma em janeiro, enquanto no [mesmo per\u00edodo do] ano passado houve uma exporta\u00e7\u00e3o em fevereiro. Ent\u00e3o d\u00e1 para fazer uma compara\u00e7\u00e3o justa e constatar o peso da Argentina na queda da venda de manufaturados\u201d, explicou Brand\u00e3o no in\u00edcio do m\u00eas, ao detalhar a balan\u00e7a comercial do m\u00eas passado.<\/p>\n<p>&nbsp;<\/p>\n<p>Fonte: Ag\u00eancia Brasil<\/p>\n","protected":false},"excerpt":{"rendered":"<p>A crise cambial que assola a Argentina desde meados do ano passado est\u00e1 se refletindo na balan\u00e7a comercial brasileira. Nos dois primeiros meses do ano, o valor das exporta\u00e7\u00f5es para o terceiro parceiro comercial do Brasil caiu 42,5%, de US$ 2,68 bilh\u00f5es no primeiro bimestre de 2018 para US$ 1,54 bilh\u00e3o no mesmo per\u00edodo de [&hellip;]<\/p>\n","protected":false},"author":96,"featured_media":135560,"comment_status":"closed","ping_status":"closed","sticky":false,"template":"","format":"standard","meta":{"footnotes":""},"categories":[302,436,261,262,439],"tags":[],"class_list":["post-135559","post","type-post","status-publish","format-standard","has-post-thumbnail","hentry","category-brasil-mundo","category-destaque-da-semana","category-economia","category-noticias","category-ultima-hora"],"_links":{"self":[{"href":"https:\/\/diarioregionaldigital.com.br\/index.php?rest_route=\/wp\/v2\/posts\/135559","targetHints":{"allow":["GET"]}}],"collection":[{"href":"https:\/\/diarioregionaldigital.com.br\/index.php?rest_route=\/wp\/v2\/posts"}],"about":[{"href":"https:\/\/diarioregionaldigital.com.br\/index.php?rest_route=\/wp\/v2\/types\/post"}],"author":[{"embeddable":true,"href":"https:\/\/diarioregionaldigital.com.br\/index.php?rest_route=\/wp\/v2\/users\/96"}],"replies":[{"embeddable":true,"href":"https:\/\/diarioregionaldigital.com.br\/index.php?rest_route=%2Fwp%2Fv2%2Fcomments&post=135559"}],"version-history":[{"count":0,"href":"https:\/\/diarioregionaldigital.com.br\/index.php?rest_route=\/wp\/v2\/posts\/135559\/revisions"}],"wp:featuredmedia":[{"embeddable":true,"href":"https:\/\/diarioregionaldigital.com.br\/index.php?rest_route=\/wp\/v2\/media\/135560"}],"wp:attachment":[{"href":"https:\/\/diarioregionaldigital.com.br\/index.php?rest_route=%2Fwp%2Fv2%2Fmedia&parent=135559"}],"wp:term":[{"taxonomy":"category","embeddable":true,"href":"https:\/\/diarioregionaldigital.com.br\/index.php?rest_route=%2Fwp%2Fv2%2Fcategories&post=135559"},{"taxonomy":"post_tag","embeddable":true,"href":"https:\/\/diarioregionaldigital.com.br\/index.php?rest_route=%2Fwp%2Fv2%2Ftags&post=135559"}],"curies":[{"name":"wp","href":"https:\/\/api.w.org\/{rel}","templated":true}]}}