{"id":135556,"date":"2019-03-11T16:01:49","date_gmt":"2019-03-11T19:01:49","guid":{"rendered":"https:\/\/diarioregionaldigital.com.br\/?p=135556"},"modified":"2019-03-11T16:01:49","modified_gmt":"2019-03-11T19:01:49","slug":"justica-rejeita-pedido-de-ghosn-para-participar-de-reuniao-da-nissan","status":"publish","type":"post","link":"https:\/\/diarioregionaldigital.com.br\/?p=135556","title":{"rendered":"Justi\u00e7a rejeita pedido de Ghosn para participar de reuni\u00e3o da Nissan"},"content":{"rendered":"<p>O Tribunal Distrital de T\u00f3quio (jap\u00e3o) rejeitou nesta segunda-feira, 11, o pedido do executivo franco-brasileiro Carlos Ghosn, ex-presidente da Nissan Motor, para participar nesta ter\u00e7a-feira,12, da reuni\u00e3o da diretoria da Nissan.<\/p>\n<p>No \u00faltimo dia 6, o empres\u00e1rio\u00a0foi libertado, ap\u00f3s 107\u00a0dias preso, e\u00a0sob fian\u00e7a.<\/p>\n<p>Para o tribunal, a presen\u00e7a de Ghosn poderia gerar press\u00e3o sobre outros integrantes do comando da empresa. Ele foi afastaddo da presid\u00eancia da montadora ap\u00f3s sua pris\u00e3o em novembro. Mas se mant\u00e9m integrante do conselho.<\/p>\n<p>Ghosn foi indiciado por viola\u00e7\u00e3o agravada de confian\u00e7a e subnotifica\u00e7\u00e3o de sua compensa\u00e7\u00e3o. Ele nega as alega\u00e7\u00f5es.<\/p>\n<p>O advogado do empres\u00e1rio, Junichiro Hironaka, disse que seu cliente quer cumprir suas obriga\u00e7\u00f5es como membro do conselho participando da reuni\u00e3o.<\/p>\n<p>&nbsp;<\/p>\n<p>Fonte: Ag\u00eancia Brasil<\/p>\n<p>&nbsp;<\/p>\n","protected":false},"excerpt":{"rendered":"<p>O Tribunal Distrital de T\u00f3quio (jap\u00e3o) rejeitou nesta segunda-feira, 11, o pedido do executivo franco-brasileiro Carlos Ghosn, ex-presidente da Nissan Motor, para participar nesta ter\u00e7a-feira,12, da reuni\u00e3o da diretoria da Nissan. No \u00faltimo dia 6, o empres\u00e1rio\u00a0foi libertado, ap\u00f3s 107\u00a0dias preso, e\u00a0sob fian\u00e7a. Para o tribunal, a presen\u00e7a de Ghosn poderia gerar press\u00e3o sobre outros [&hellip;]<\/p>\n","protected":false},"author":96,"featured_media":135557,"comment_status":"closed","ping_status":"closed","sticky":false,"template":"","format":"standard","meta":{"footnotes":""},"categories":[302,436,262,439],"tags":[],"class_list":["post-135556","post","type-post","status-publish","format-standard","has-post-thumbnail","hentry","category-brasil-mundo","category-destaque-da-semana","category-noticias","category-ultima-hora"],"_links":{"self":[{"href":"https:\/\/diarioregionaldigital.com.br\/index.php?rest_route=\/wp\/v2\/posts\/135556","targetHints":{"allow":["GET"]}}],"collection":[{"href":"https:\/\/diarioregionaldigital.com.br\/index.php?rest_route=\/wp\/v2\/posts"}],"about":[{"href":"https:\/\/diarioregionaldigital.com.br\/index.php?rest_route=\/wp\/v2\/types\/post"}],"author":[{"embeddable":true,"href":"https:\/\/diarioregionaldigital.com.br\/index.php?rest_route=\/wp\/v2\/users\/96"}],"replies":[{"embeddable":true,"href":"https:\/\/diarioregionaldigital.com.br\/index.php?rest_route=%2Fwp%2Fv2%2Fcomments&post=135556"}],"version-history":[{"count":0,"href":"https:\/\/diarioregionaldigital.com.br\/index.php?rest_route=\/wp\/v2\/posts\/135556\/revisions"}],"wp:featuredmedia":[{"embeddable":true,"href":"https:\/\/diarioregionaldigital.com.br\/index.php?rest_route=\/wp\/v2\/media\/135557"}],"wp:attachment":[{"href":"https:\/\/diarioregionaldigital.com.br\/index.php?rest_route=%2Fwp%2Fv2%2Fmedia&parent=135556"}],"wp:term":[{"taxonomy":"category","embeddable":true,"href":"https:\/\/diarioregionaldigital.com.br\/index.php?rest_route=%2Fwp%2Fv2%2Fcategories&post=135556"},{"taxonomy":"post_tag","embeddable":true,"href":"https:\/\/diarioregionaldigital.com.br\/index.php?rest_route=%2Fwp%2Fv2%2Ftags&post=135556"}],"curies":[{"name":"wp","href":"https:\/\/api.w.org\/{rel}","templated":true}]}}