{"id":135549,"date":"2019-03-11T13:57:10","date_gmt":"2019-03-11T16:57:10","guid":{"rendered":"https:\/\/diarioregionaldigital.com.br\/?p=135549"},"modified":"2019-03-11T16:07:20","modified_gmt":"2019-03-11T19:07:20","slug":"bancos-fazem-mutiroes-para-renegociar-dividas","status":"publish","type":"post","link":"https:\/\/diarioregionaldigital.com.br\/?p=135549","title":{"rendered":"Bancos fazem mutir\u00f5es para renegociar d\u00edvidas"},"content":{"rendered":"<p>A Federa\u00e7\u00e3o Brasileira de Bancos (Febraban), em parceria com \u00f3rg\u00e3os de defesa do consumidor (Procons) de todo o pa\u00eds, realiza, a partir desta segunda-feira, 11, mutir\u00f5es para negocia\u00e7\u00e3o de d\u00edvidas. A a\u00e7\u00e3o ocorre na semana em que se comemora o Dia Mundial do Consumidor, 15 de mar\u00e7o.<\/p>\n<p>Segundo a Febraban, os mutir\u00f5es s\u00e3o eficazes porque cerca de 80% das pessoas que participam dessas a\u00e7\u00f5es chegam a um acordo com os bancos.<\/p>\n<p>De acordo com a Febraban, os estados da Para\u00edba e do Maranh\u00e3o e as cidades mineiras de Uberl\u00e2ndia, Ub\u00e1, S\u00e3o Sebasti\u00e3o do Para\u00edso e Carmo do Rio Claro s\u00e3o algumas das localidades que j\u00e1 confirmaram participa\u00e7\u00e3o nos mutir\u00f5es.<\/p>\n<p>A federa\u00e7\u00e3o lembra, por\u00e9m, que o consumidor n\u00e3o precisa esperar pela realiza\u00e7\u00e3o de um mutir\u00e3o caso necessite negociar suas d\u00edvidas. Os principais bancos mant\u00eam canais para prestar esse servi\u00e7o e reservam, em seus\u00a0<em>sites<\/em>, \u00e1reas espec\u00edficas para tal atendimento. Os cinco maiores bancos do pa\u00eds representam aproximadamente 95% do mercado de cr\u00e9dito ao consumidor no Brasil.<\/p>\n<p>Al\u00e9m das ferramentas desenvolvidas pelas institui\u00e7\u00f5es financeiras, os clientes podem encaminhar suas propostas de negocia\u00e7\u00e3o aos bancos por meio do\u00a0<em>site\u00a0<\/em><a href=\"http:\/\/consumidor.gov.br\/\">consumidor.gov.br<\/a>. A plataforma, criada pelo governo federal, \u00e9 um canal direto de comunica\u00e7\u00e3o entre os consumidores e mais de 80 institui\u00e7\u00f5es financeiras de todo o Brasil, para solu\u00e7\u00e3o alternativa de conflitos de consumo, e est\u00e1 dispon\u00edvel na internet e tamb\u00e9m por meio de aplicativos para celular.<\/p>\n<h2>Negocia\u00e7\u00e3o\u00a0<em>online<\/em><\/h2>\n<p>Os acordos feitos de forma virtual j\u00e1 representam at\u00e9 40% do total, em algumas institui\u00e7\u00f5es financeiras. Pela estimativa do setor, as negocia\u00e7\u00f5es\u00a0<em>online<\/em>, entre este e o pr\u00f3ximo ano, j\u00e1 dever\u00e3o ultrapassar as presenciais, feitas nas ag\u00eancias \u2013 a exemplo do que ocorre com as transa\u00e7\u00f5es banc\u00e1rias, com o maior uso do\u00a0<em>mobile banking<\/em>(ferramenta que permite a realiza\u00e7\u00e3o de servi\u00e7os banc\u00e1rios por meio de dispositivos m\u00f3veis, como celulares) no dia a dia do cliente.<\/p>\n<h2>P\u00e1ginas de renegocia\u00e7\u00e3o de d\u00edvidas dos cinco maiores bancos:<\/h2>\n<p>Banco do Brasil<\/p>\n<p><a href=\"https:\/\/www.bb.com.br\/pbb\/pagina-inicial\/voce\/produtos-e-servicos\/solucao-de-dividas#\/\">https:\/\/www.bb.com.br\/pbb\/pagina-inicial\/voce\/produtos-e-servicos\/solucao-de-dividas#\/<\/a><\/p>\n<p>Bradesco<\/p>\n<p><a href=\"https:\/\/banco.bradesco\/html\/classic\/produtos-servicos\/renegociacao-de-dividas\/index.shtm\">https:\/\/banco.bradesco\/html\/classic\/produtos-servicos\/renegociacao-de-dividas\/index.shtm<\/a><\/p>\n<p>Caixa<\/p>\n<p><a href=\"http:\/\/www.caixa.gov.br\/voce\/credito-financiamento\/renegociacao-dividas\/Paginas\/default.aspx\">http:\/\/www.caixa.gov.br\/voce\/credito-financiamento\/renegociacao-dividas\/Paginas\/default.aspx<\/a><\/p>\n<p>Ita\u00fa Unibanco<\/p>\n<p><a href=\"https:\/\/www.itau.com.br\/renegociacao\/\">https:\/\/www.itau.com.br\/renegociacao\/<\/a><\/p>\n<p>Santander<\/p>\n<p><a href=\"https:\/\/www.santander.com.br\/hotsite\/semdivida\/\">https:\/\/www.santander.com.br\/hotsite\/semdivida\/<\/a><\/p>\n","protected":false},"excerpt":{"rendered":"<p>A Federa\u00e7\u00e3o Brasileira de Bancos (Febraban), em parceria com \u00f3rg\u00e3os de defesa do consumidor (Procons) de todo o pa\u00eds, realiza, a partir desta segunda-feira, 11, mutir\u00f5es para negocia\u00e7\u00e3o de d\u00edvidas. A a\u00e7\u00e3o ocorre na semana em que se comemora o Dia Mundial do Consumidor, 15 de mar\u00e7o. Segundo a Febraban, os mutir\u00f5es s\u00e3o eficazes porque [&hellip;]<\/p>\n","protected":false},"author":96,"featured_media":135550,"comment_status":"closed","ping_status":"closed","sticky":false,"template":"","format":"standard","meta":{"footnotes":""},"categories":[440,261,262,439],"tags":[],"class_list":["post-135549","post","type-post","status-publish","format-standard","has-post-thumbnail","hentry","category-destaques-do-dia","category-economia","category-noticias","category-ultima-hora"],"_links":{"self":[{"href":"https:\/\/diarioregionaldigital.com.br\/index.php?rest_route=\/wp\/v2\/posts\/135549","targetHints":{"allow":["GET"]}}],"collection":[{"href":"https:\/\/diarioregionaldigital.com.br\/index.php?rest_route=\/wp\/v2\/posts"}],"about":[{"href":"https:\/\/diarioregionaldigital.com.br\/index.php?rest_route=\/wp\/v2\/types\/post"}],"author":[{"embeddable":true,"href":"https:\/\/diarioregionaldigital.com.br\/index.php?rest_route=\/wp\/v2\/users\/96"}],"replies":[{"embeddable":true,"href":"https:\/\/diarioregionaldigital.com.br\/index.php?rest_route=%2Fwp%2Fv2%2Fcomments&post=135549"}],"version-history":[{"count":0,"href":"https:\/\/diarioregionaldigital.com.br\/index.php?rest_route=\/wp\/v2\/posts\/135549\/revisions"}],"wp:featuredmedia":[{"embeddable":true,"href":"https:\/\/diarioregionaldigital.com.br\/index.php?rest_route=\/wp\/v2\/media\/135550"}],"wp:attachment":[{"href":"https:\/\/diarioregionaldigital.com.br\/index.php?rest_route=%2Fwp%2Fv2%2Fmedia&parent=135549"}],"wp:term":[{"taxonomy":"category","embeddable":true,"href":"https:\/\/diarioregionaldigital.com.br\/index.php?rest_route=%2Fwp%2Fv2%2Fcategories&post=135549"},{"taxonomy":"post_tag","embeddable":true,"href":"https:\/\/diarioregionaldigital.com.br\/index.php?rest_route=%2Fwp%2Fv2%2Ftags&post=135549"}],"curies":[{"name":"wp","href":"https:\/\/api.w.org\/{rel}","templated":true}]}}