{"id":135543,"date":"2019-03-11T15:51:14","date_gmt":"2019-03-11T18:51:14","guid":{"rendered":"https:\/\/diarioregionaldigital.com.br\/?p=135543"},"modified":"2019-03-11T15:51:14","modified_gmt":"2019-03-11T18:51:14","slug":"producao-de-veiculos-cresceu-299-em-fevereiro","status":"publish","type":"post","link":"https:\/\/diarioregionaldigital.com.br\/?p=135543","title":{"rendered":"Produ\u00e7\u00e3o de ve\u00edculos cresceu 29,9% em fevereiro"},"content":{"rendered":"<p>Em fevereiro, a produ\u00e7\u00e3o de ve\u00edculos no pa\u00eds cresceu 29,9% na compara\u00e7\u00e3o com janeiro, e 20,5% na compara\u00e7\u00e3o com o mesmo m\u00eas do ano anterior. O dado foi divulgado nesta segunda-feira, 11, pela Associa\u00e7\u00e3o Nacional dos Fabricantes de Ve\u00edculos Automotores (Anfavea).<\/p>\n<p>Segundo a Anfavea, 257,2 mil ve\u00edculos foram produzidos no pa\u00eds em fevereiro.<\/p>\n<h2>Licenciamento<\/h2>\n<p>Em fevereiro, 168.577 ve\u00edculos leves novos nacionais foram licenciados no pa\u00eds. Somando-se tamb\u00e9m os ve\u00edculos leves importados, foram licenciados 190.273 ve\u00edculos.<\/p>\n<p>Considerando-se o total de ve\u00edculos (o que engloba ve\u00edculos leves, caminh\u00f5es e \u00f4nibus e incluindo tamb\u00e9m os importados) foram licenciados no pa\u00eds 198.641 ve\u00edculos, queda de 0,6% em compara\u00e7\u00e3o a janeiro e aumento de 26,6% em compara\u00e7\u00e3o a fevereiro do ano passado.<\/p>\n","protected":false},"excerpt":{"rendered":"<p>Em fevereiro, a produ\u00e7\u00e3o de ve\u00edculos no pa\u00eds cresceu 29,9% na compara\u00e7\u00e3o com janeiro, e 20,5% na compara\u00e7\u00e3o com o mesmo m\u00eas do ano anterior. O dado foi divulgado nesta segunda-feira, 11, pela Associa\u00e7\u00e3o Nacional dos Fabricantes de Ve\u00edculos Automotores (Anfavea). Segundo a Anfavea, 257,2 mil ve\u00edculos foram produzidos no pa\u00eds em fevereiro. Licenciamento Em [&hellip;]<\/p>\n","protected":false},"author":96,"featured_media":135546,"comment_status":"closed","ping_status":"closed","sticky":false,"template":"","format":"standard","meta":{"footnotes":""},"categories":[436,261,262,439],"tags":[],"class_list":["post-135543","post","type-post","status-publish","format-standard","has-post-thumbnail","hentry","category-destaque-da-semana","category-economia","category-noticias","category-ultima-hora"],"_links":{"self":[{"href":"https:\/\/diarioregionaldigital.com.br\/index.php?rest_route=\/wp\/v2\/posts\/135543","targetHints":{"allow":["GET"]}}],"collection":[{"href":"https:\/\/diarioregionaldigital.com.br\/index.php?rest_route=\/wp\/v2\/posts"}],"about":[{"href":"https:\/\/diarioregionaldigital.com.br\/index.php?rest_route=\/wp\/v2\/types\/post"}],"author":[{"embeddable":true,"href":"https:\/\/diarioregionaldigital.com.br\/index.php?rest_route=\/wp\/v2\/users\/96"}],"replies":[{"embeddable":true,"href":"https:\/\/diarioregionaldigital.com.br\/index.php?rest_route=%2Fwp%2Fv2%2Fcomments&post=135543"}],"version-history":[{"count":0,"href":"https:\/\/diarioregionaldigital.com.br\/index.php?rest_route=\/wp\/v2\/posts\/135543\/revisions"}],"wp:featuredmedia":[{"embeddable":true,"href":"https:\/\/diarioregionaldigital.com.br\/index.php?rest_route=\/wp\/v2\/media\/135546"}],"wp:attachment":[{"href":"https:\/\/diarioregionaldigital.com.br\/index.php?rest_route=%2Fwp%2Fv2%2Fmedia&parent=135543"}],"wp:term":[{"taxonomy":"category","embeddable":true,"href":"https:\/\/diarioregionaldigital.com.br\/index.php?rest_route=%2Fwp%2Fv2%2Fcategories&post=135543"},{"taxonomy":"post_tag","embeddable":true,"href":"https:\/\/diarioregionaldigital.com.br\/index.php?rest_route=%2Fwp%2Fv2%2Ftags&post=135543"}],"curies":[{"name":"wp","href":"https:\/\/api.w.org\/{rel}","templated":true}]}}