{"id":135539,"date":"2019-03-11T13:58:37","date_gmt":"2019-03-11T16:58:37","guid":{"rendered":"https:\/\/diarioregionaldigital.com.br\/?p=135539"},"modified":"2019-03-11T13:58:52","modified_gmt":"2019-03-11T16:58:52","slug":"mec-divulga-lista-de-espera-do-prouni-para-faculdades","status":"publish","type":"post","link":"https:\/\/diarioregionaldigital.com.br\/?p=135539","title":{"rendered":"MEC divulga lista de espera do ProUni para faculdades"},"content":{"rendered":"<p>O Minist\u00e9rio da Educa\u00e7\u00e3o (MEC) divulga nesta segunda-feira, 11, a rela\u00e7\u00e3o dos candidatos participantes da lista de espera. A lista ser\u00e1 disponibilizada para consulta pelas institui\u00e7\u00f5es de ensino superior.<\/p>\n<p>Todos os candidatos participantes da lista ter\u00e3o de comparecer \u00e0s institui\u00e7\u00f5es nas quais est\u00e3o pleiteando uma vaga, para apresentar a documenta\u00e7\u00e3o que comprove as informa\u00e7\u00f5es prestadas na inscri\u00e7\u00e3o. O prazo para que isso seja feito \u00e9 12 a 13 de mar\u00e7o.<\/p>\n<p>A lista de espera ser\u00e1 usada pelas pr\u00f3prias institui\u00e7\u00f5es, que ir\u00e3o convocar candidatos para o preenchimento das bolsas remanescentes.<\/p>\n<p>Os estudantes que n\u00e3o garantiram uma bolsa de estudos puderam manifestar interesse em participar da lista na semana passada, at\u00e9 sexta-feira, 8.<\/p>\n<h2>ProUni<\/h2>\n<p>Ao todo, 946.979 candidatos se inscreveram na primeira edi\u00e7\u00e3o do ProUni deste ano, de acordo com o MEC. Como cada candidato podia escolher at\u00e9 duas op\u00e7\u00f5es de curso, o n\u00famero de inscri\u00e7\u00f5es chegou a 1.820.446.<\/p>\n<p>Nesta edi\u00e7\u00e3o s\u00e3o ofertadas 243.888 bolsas de estudo em 1.239 institui\u00e7\u00f5es particulares de ensino. Do total de bolsas, 116.813 s\u00e3o integrais e 127.075, parciais, de 50% do valor das mensalidades.<\/p>\n<p>O ProUni concede bolsas de estudo integrais e parciais em cursos de gradua\u00e7\u00e3o e sequenciais de forma\u00e7\u00e3o espec\u00edfica, em institui\u00e7\u00f5es privadas de educa\u00e7\u00e3o superior. Em contrapartida, o programa oferece isen\u00e7\u00e3o de tributos \u00e0s institui\u00e7\u00f5es que aderem ao programa.<\/p>\n<p>Os estudantes selecionados podem pleitear Bolsa Perman\u00eancia, para ajudar nos custos dos estudos, e usar o Fundo de Financiamento Estudantil (Fies) para garantir parte da mensalidade n\u00e3o coberta pela bolsa do programa.<\/p>\n<p>&nbsp;<\/p>\n<p>Fonte: Ag\u00eancia Brasil<\/p>\n","protected":false},"excerpt":{"rendered":"<p>O Minist\u00e9rio da Educa\u00e7\u00e3o (MEC) divulga nesta segunda-feira, 11, a rela\u00e7\u00e3o dos candidatos participantes da lista de espera. A lista ser\u00e1 disponibilizada para consulta pelas institui\u00e7\u00f5es de ensino superior. Todos os candidatos participantes da lista ter\u00e3o de comparecer \u00e0s institui\u00e7\u00f5es nas quais est\u00e3o pleiteando uma vaga, para apresentar a documenta\u00e7\u00e3o que comprove as informa\u00e7\u00f5es prestadas [&hellip;]<\/p>\n","protected":false},"author":96,"featured_media":113397,"comment_status":"closed","ping_status":"closed","sticky":false,"template":"","format":"standard","meta":{"footnotes":""},"categories":[302,436,262,439],"tags":[],"class_list":["post-135539","post","type-post","status-publish","format-standard","has-post-thumbnail","hentry","category-brasil-mundo","category-destaque-da-semana","category-noticias","category-ultima-hora"],"_links":{"self":[{"href":"https:\/\/diarioregionaldigital.com.br\/index.php?rest_route=\/wp\/v2\/posts\/135539","targetHints":{"allow":["GET"]}}],"collection":[{"href":"https:\/\/diarioregionaldigital.com.br\/index.php?rest_route=\/wp\/v2\/posts"}],"about":[{"href":"https:\/\/diarioregionaldigital.com.br\/index.php?rest_route=\/wp\/v2\/types\/post"}],"author":[{"embeddable":true,"href":"https:\/\/diarioregionaldigital.com.br\/index.php?rest_route=\/wp\/v2\/users\/96"}],"replies":[{"embeddable":true,"href":"https:\/\/diarioregionaldigital.com.br\/index.php?rest_route=%2Fwp%2Fv2%2Fcomments&post=135539"}],"version-history":[{"count":0,"href":"https:\/\/diarioregionaldigital.com.br\/index.php?rest_route=\/wp\/v2\/posts\/135539\/revisions"}],"wp:featuredmedia":[{"embeddable":true,"href":"https:\/\/diarioregionaldigital.com.br\/index.php?rest_route=\/wp\/v2\/media\/113397"}],"wp:attachment":[{"href":"https:\/\/diarioregionaldigital.com.br\/index.php?rest_route=%2Fwp%2Fv2%2Fmedia&parent=135539"}],"wp:term":[{"taxonomy":"category","embeddable":true,"href":"https:\/\/diarioregionaldigital.com.br\/index.php?rest_route=%2Fwp%2Fv2%2Fcategories&post=135539"},{"taxonomy":"post_tag","embeddable":true,"href":"https:\/\/diarioregionaldigital.com.br\/index.php?rest_route=%2Fwp%2Fv2%2Ftags&post=135539"}],"curies":[{"name":"wp","href":"https:\/\/api.w.org\/{rel}","templated":true}]}}