{"id":135533,"date":"2019-03-11T13:46:44","date_gmt":"2019-03-11T16:46:44","guid":{"rendered":"https:\/\/diarioregionaldigital.com.br\/?p=135533"},"modified":"2019-03-11T13:46:44","modified_gmt":"2019-03-11T16:46:44","slug":"dos-157-mortos-em-acidente-aereo-na-etiopia-varios-eram-voluntarios","status":"publish","type":"post","link":"https:\/\/diarioregionaldigital.com.br\/?p=135533","title":{"rendered":"Dos 157 mortos em acidente a\u00e9reo na Eti\u00f3pia, v\u00e1rios eram volunt\u00e1rios"},"content":{"rendered":"<p>O acidente a\u00e9reo com o Boeing 737, da Ethiopian Airlines, matou os 149 passageiros e oito tripulantes. Das 157 pessoas a bordo, a maioria era de estrangeiros e alguns volunt\u00e1rios de miss\u00f5es que atuavam no pa\u00eds. Pelo menos 10 das v\u00edtimas eram funcion\u00e1rios das Na\u00e7\u00f5es Unidas.<\/p>\n<p>A aeronave caiu nesse domingo, 10, de manh\u00e3, minutos depois de decolar de Addis Abeba, capital da Eti\u00f3pia. O voo ET 302 caiu perto da cidade de Bishoftu, ou Debre Zeit, cerca de 50 quil\u00f4metros ao sul da capital.<\/p>\n<p>Em 2010 ocorreu o \u00faltimo grande acidente envolvendo um avi\u00e3o da Ethiopian Airlines &#8211; foi o Boeing 737-800, que explodiu depois de decolar do L\u00edbano, matando 83 passageiros e sete tripulantes.<\/p>\n<p>&nbsp;<\/p>\n<p>Fonte: Ag\u00eancia Brasil<\/p>\n","protected":false},"excerpt":{"rendered":"<p>O acidente a\u00e9reo com o Boeing 737, da Ethiopian Airlines, matou os 149 passageiros e oito tripulantes. Das 157 pessoas a bordo, a maioria era de estrangeiros e alguns volunt\u00e1rios de miss\u00f5es que atuavam no pa\u00eds. Pelo menos 10 das v\u00edtimas eram funcion\u00e1rios das Na\u00e7\u00f5es Unidas. A aeronave caiu nesse domingo, 10, de manh\u00e3, minutos [&hellip;]<\/p>\n","protected":false},"author":96,"featured_media":135534,"comment_status":"closed","ping_status":"closed","sticky":false,"template":"","format":"standard","meta":{"footnotes":""},"categories":[302,436,262,439],"tags":[],"class_list":["post-135533","post","type-post","status-publish","format-standard","has-post-thumbnail","hentry","category-brasil-mundo","category-destaque-da-semana","category-noticias","category-ultima-hora"],"_links":{"self":[{"href":"https:\/\/diarioregionaldigital.com.br\/index.php?rest_route=\/wp\/v2\/posts\/135533","targetHints":{"allow":["GET"]}}],"collection":[{"href":"https:\/\/diarioregionaldigital.com.br\/index.php?rest_route=\/wp\/v2\/posts"}],"about":[{"href":"https:\/\/diarioregionaldigital.com.br\/index.php?rest_route=\/wp\/v2\/types\/post"}],"author":[{"embeddable":true,"href":"https:\/\/diarioregionaldigital.com.br\/index.php?rest_route=\/wp\/v2\/users\/96"}],"replies":[{"embeddable":true,"href":"https:\/\/diarioregionaldigital.com.br\/index.php?rest_route=%2Fwp%2Fv2%2Fcomments&post=135533"}],"version-history":[{"count":0,"href":"https:\/\/diarioregionaldigital.com.br\/index.php?rest_route=\/wp\/v2\/posts\/135533\/revisions"}],"wp:featuredmedia":[{"embeddable":true,"href":"https:\/\/diarioregionaldigital.com.br\/index.php?rest_route=\/wp\/v2\/media\/135534"}],"wp:attachment":[{"href":"https:\/\/diarioregionaldigital.com.br\/index.php?rest_route=%2Fwp%2Fv2%2Fmedia&parent=135533"}],"wp:term":[{"taxonomy":"category","embeddable":true,"href":"https:\/\/diarioregionaldigital.com.br\/index.php?rest_route=%2Fwp%2Fv2%2Fcategories&post=135533"},{"taxonomy":"post_tag","embeddable":true,"href":"https:\/\/diarioregionaldigital.com.br\/index.php?rest_route=%2Fwp%2Fv2%2Ftags&post=135533"}],"curies":[{"name":"wp","href":"https:\/\/api.w.org\/{rel}","templated":true}]}}