{"id":135521,"date":"2019-03-10T22:49:52","date_gmt":"2019-03-11T01:49:52","guid":{"rendered":"https:\/\/diarioregionaldigital.com.br\/?p=135521"},"modified":"2019-03-10T23:05:05","modified_gmt":"2019-03-11T02:05:05","slug":"tupynambas-perde-para-o-america-mg-por-2-a-0-no-independencia","status":"publish","type":"post","link":"https:\/\/diarioregionaldigital.com.br\/?p=135521","title":{"rendered":"Tupynamb\u00e1s perde para o Am\u00e9rica-MG por 2 a 0 no independ\u00eancia"},"content":{"rendered":"<p>Na noite deste s\u00e1bado, o Coelho venceu o Tupynamb\u00e1s por 2 a 0, no Independ\u00eancia, pela 9\u00aa rodada da competi\u00e7\u00e3o, e chegou aos 21 pontos, um a menos que o Galo. No pr\u00f3ximo domingo tem disputa direta pela ponta da tabela. L\u00edder e vice-l\u00edder se enfrentam no Mineir\u00e3o, pela 10\u00aa rodada.<\/p>\n<p>O placar poderia ter sido mais dilatado, j\u00e1 que o goleiro do Tupynamb\u00e1s,\u00a0Renan Rinaldi, fez boas defesas na etapa inicial. Aos 39min, ele apareceu duas vezes consecutivas ao bloquear as tentativas de Matheusinho e Felipe Azevedo. Aos 43min, mostrou tempo de rea\u00e7\u00e3o ao espalmar finaliza\u00e7\u00e3o \u00e0 queima-roupa do zagueiro Paul\u00e3o. Antes, aos 15min, o camisa 1 j\u00e1 havia salvado o Baeta em chute cruzado de Juninho.<\/p>\n<p>&nbsp;<\/p>\n<p>O Tupynamb\u00e1s tamb\u00e9m criou suas chances de perigo. Nos acr\u00e9scimos do primeiro tempo e no come\u00e7o do segundo, o goleiro do Am\u00e9rica,\u00a0Fernando Leal, teve boa percep\u00e7\u00e3o de posicionamento e se atirou na bola antes que o veterano Ademilson, de 44 anos, pudesse ficar em condi\u00e7\u00f5es favor\u00e1veis para bater a gol.<\/p>\n<p>&nbsp;<\/p>\n<p>O duelo no Independ\u00eancia caminhava para uma vit\u00f3ria magra do Am\u00e9rica, at\u00e9 que\u00a0Matheusinho, aos 45min da segunda parte, acertou\u00a0bel\u00edssima cobran\u00e7a de falta\u00a0no \u00e2ngulo esquerdo e ampliou a contagem:\u00a02 a 0.<\/p>\n<p>O Tupynamb\u00e1s \u00e9 o quinto colocado com 11 pontos, pode descer at\u00e9 tr\u00eas degraus na tabela. Para isso, Caldense, Boa e Tombense precisam superar Villa Nova, Tupi e Cruzeiro neste domingo. No pr\u00f3ximo domingo, \u00e0s 11h, o time de Juiz de Fora visitar\u00e1 a Caldense no est\u00e1dio Ronaldo Junqueira, em Po\u00e7os de Caldas, pela 10\u00aa rodada.<\/p>\n","protected":false},"excerpt":{"rendered":"<p>Na noite deste s\u00e1bado, o Coelho venceu o Tupynamb\u00e1s por 2 a 0, no Independ\u00eancia, pela 9\u00aa rodada da competi\u00e7\u00e3o, e chegou aos 21 pontos, um a menos que o Galo. No pr\u00f3ximo domingo tem disputa direta pela ponta da tabela. L\u00edder e vice-l\u00edder se enfrentam no Mineir\u00e3o, pela 10\u00aa rodada. O placar poderia ter [&hellip;]<\/p>\n","protected":false},"author":96,"featured_media":135522,"comment_status":"closed","ping_status":"closed","sticky":false,"template":"","format":"standard","meta":{"footnotes":""},"categories":[257,439],"tags":[],"class_list":["post-135521","post","type-post","status-publish","format-standard","has-post-thumbnail","hentry","category-esporte","category-ultima-hora"],"_links":{"self":[{"href":"https:\/\/diarioregionaldigital.com.br\/index.php?rest_route=\/wp\/v2\/posts\/135521","targetHints":{"allow":["GET"]}}],"collection":[{"href":"https:\/\/diarioregionaldigital.com.br\/index.php?rest_route=\/wp\/v2\/posts"}],"about":[{"href":"https:\/\/diarioregionaldigital.com.br\/index.php?rest_route=\/wp\/v2\/types\/post"}],"author":[{"embeddable":true,"href":"https:\/\/diarioregionaldigital.com.br\/index.php?rest_route=\/wp\/v2\/users\/96"}],"replies":[{"embeddable":true,"href":"https:\/\/diarioregionaldigital.com.br\/index.php?rest_route=%2Fwp%2Fv2%2Fcomments&post=135521"}],"version-history":[{"count":0,"href":"https:\/\/diarioregionaldigital.com.br\/index.php?rest_route=\/wp\/v2\/posts\/135521\/revisions"}],"wp:featuredmedia":[{"embeddable":true,"href":"https:\/\/diarioregionaldigital.com.br\/index.php?rest_route=\/wp\/v2\/media\/135522"}],"wp:attachment":[{"href":"https:\/\/diarioregionaldigital.com.br\/index.php?rest_route=%2Fwp%2Fv2%2Fmedia&parent=135521"}],"wp:term":[{"taxonomy":"category","embeddable":true,"href":"https:\/\/diarioregionaldigital.com.br\/index.php?rest_route=%2Fwp%2Fv2%2Fcategories&post=135521"},{"taxonomy":"post_tag","embeddable":true,"href":"https:\/\/diarioregionaldigital.com.br\/index.php?rest_route=%2Fwp%2Fv2%2Ftags&post=135521"}],"curies":[{"name":"wp","href":"https:\/\/api.w.org\/{rel}","templated":true}]}}