{"id":135512,"date":"2019-03-10T22:28:59","date_gmt":"2019-03-11T01:28:59","guid":{"rendered":"https:\/\/diarioregionaldigital.com.br\/?p=135512"},"modified":"2019-03-10T22:28:59","modified_gmt":"2019-03-11T01:28:59","slug":"ex-zagueiro-andre-luiz-e-o-novo-consultor-de-futebol-carijo","status":"publish","type":"post","link":"https:\/\/diarioregionaldigital.com.br\/?p=135512","title":{"rendered":"EX-ZAGUEIRO ANDR\u00c9 LUIZ \u00c9 O NOVO CONSULTOR DE FUTEBOL CARIJ\u00d3"},"content":{"rendered":"<p>Depois de alguns dias sem comando efetivo no futebol, ap\u00f3s o desligamento do diretor Nicanor Pires, o Tupi fechou parceria com o ex-atleta Andr\u00e9 Luiz para o comando do futebol Carij\u00f3 na reta final do estadual. O ex-zagueiro assume como Consultor de Futebol do clube e estar\u00e1 diretamente ligado as quest\u00f5es referentes ao setor. O clube acertou tamb\u00e9m o nome do ex-jogador Beto Sousa, para comandar a equipe.<\/p>\n<p>Beto assume o comando do Tupi ap\u00f3s a sa\u00edda do t\u00e9cnico Gerson Evaristo. O agora t\u00e9cnico alvinegro, participou da forma\u00e7\u00e3o do atual elenco e esteve no clube at\u00e9 a quinta rodada do Campeonato Mineiro, como auxiliar t\u00e9cnico. O profissional retorna ao clube com a vantagem de conhecer bem o elenco e com o aval do Consultor de Futebol, Andr\u00e9 Luiz.<\/p>\n<p>Al\u00e9m do t\u00e9cnico, tamb\u00e9m iniciou os trabalhos o preparador f\u00edsico Jonas Neves, de 36 anos, com experi\u00eancia na prepara\u00e7\u00e3o individual de atletas profissionais da S\u00e9rie A do Campeonato Brasileiro, os quais trabalhou nas \u00faltimas temporadas. O preparador chega a convite do novo t\u00e9cnico e se diz animado com o novo desafio.<\/p>\n<p>A nova comiss\u00e3o t\u00e9cnica j\u00e1 comanda os treinos em Santa Teresinha. O nome do preparador de goleiros ser\u00e1 apresentado at\u00e9 a pr\u00f3xima segunda-feira.<\/p>\n<p><strong>De sa\u00edda<\/strong><\/p>\n<p>Na mesma tarde em que o Tupi acertou a chegada da nova comiss\u00e3o t\u00e9cnica e do consultor de futebol, um grupo de jogadores tiveram seus contratos rescindidos pelo clube. O desligamento se deu por solicita\u00e7\u00e3o de alguns atletas e pela necessidade de aliviar a parte financeira. Foram desligados o goleiro Alexandre Azizi, o zagueiro Gustavo Rodrigues, o lateral esquerdo Emerson, os meias Breno e Natan, os volantes Eduardo Nardini e Diego Gomes e os atacantes Anderson Chub, Saulo e Hugo Ragelli.<\/p>\n<p>&nbsp;<\/p>\n<p><strong>Fonte: Tupi FC <\/strong><\/p>\n<p>&nbsp;<\/p>\n<p><strong>\u00a0<\/strong><\/p>\n","protected":false},"excerpt":{"rendered":"<p>Depois de alguns dias sem comando efetivo no futebol, ap\u00f3s o desligamento do diretor Nicanor Pires, o Tupi fechou parceria com o ex-atleta Andr\u00e9 Luiz para o comando do futebol Carij\u00f3 na reta final do estadual. O ex-zagueiro assume como Consultor de Futebol do clube e estar\u00e1 diretamente ligado as quest\u00f5es referentes ao setor. O [&hellip;]<\/p>\n","protected":false},"author":96,"featured_media":135513,"comment_status":"closed","ping_status":"closed","sticky":false,"template":"","format":"standard","meta":{"footnotes":""},"categories":[257,439],"tags":[],"class_list":["post-135512","post","type-post","status-publish","format-standard","has-post-thumbnail","hentry","category-esporte","category-ultima-hora"],"_links":{"self":[{"href":"https:\/\/diarioregionaldigital.com.br\/index.php?rest_route=\/wp\/v2\/posts\/135512","targetHints":{"allow":["GET"]}}],"collection":[{"href":"https:\/\/diarioregionaldigital.com.br\/index.php?rest_route=\/wp\/v2\/posts"}],"about":[{"href":"https:\/\/diarioregionaldigital.com.br\/index.php?rest_route=\/wp\/v2\/types\/post"}],"author":[{"embeddable":true,"href":"https:\/\/diarioregionaldigital.com.br\/index.php?rest_route=\/wp\/v2\/users\/96"}],"replies":[{"embeddable":true,"href":"https:\/\/diarioregionaldigital.com.br\/index.php?rest_route=%2Fwp%2Fv2%2Fcomments&post=135512"}],"version-history":[{"count":0,"href":"https:\/\/diarioregionaldigital.com.br\/index.php?rest_route=\/wp\/v2\/posts\/135512\/revisions"}],"wp:featuredmedia":[{"embeddable":true,"href":"https:\/\/diarioregionaldigital.com.br\/index.php?rest_route=\/wp\/v2\/media\/135513"}],"wp:attachment":[{"href":"https:\/\/diarioregionaldigital.com.br\/index.php?rest_route=%2Fwp%2Fv2%2Fmedia&parent=135512"}],"wp:term":[{"taxonomy":"category","embeddable":true,"href":"https:\/\/diarioregionaldigital.com.br\/index.php?rest_route=%2Fwp%2Fv2%2Fcategories&post=135512"},{"taxonomy":"post_tag","embeddable":true,"href":"https:\/\/diarioregionaldigital.com.br\/index.php?rest_route=%2Fwp%2Fv2%2Ftags&post=135512"}],"curies":[{"name":"wp","href":"https:\/\/api.w.org\/{rel}","templated":true}]}}