{"id":135506,"date":"2019-03-09T12:27:27","date_gmt":"2019-03-09T15:27:27","guid":{"rendered":"https:\/\/diarioregionaldigital.com.br\/?p=135506"},"modified":"2019-03-09T12:27:27","modified_gmt":"2019-03-09T15:27:27","slug":"mario-abdo-pedira-revogacao-do-status-de-refugiado-de-dois-paraguaios","status":"publish","type":"post","link":"https:\/\/diarioregionaldigital.com.br\/?p=135506","title":{"rendered":"Mario Abdo pedir\u00e1 revoga\u00e7\u00e3o do status de refugiado de dois paraguaios"},"content":{"rendered":"<p>Os presidentes do Brasil e do Paraguai, Jair Bolsonaro e Mario Abdo Ben\u00edtez, re\u00fanem-se na pr\u00f3xim ter\u00e7a-feira, 12, em Bras\u00edlia. Eles v\u00e3o tratar da constru\u00e7\u00e3o de duas pontes ligando os dois\u00a0pa\u00edses, de rela\u00e7\u00f5es comerciais e da revoga\u00e7\u00e3o do\u00a0<em>status<\/em>\u00a0de refugiado de dois paraguaios que est\u00e3o no Brasil, Juan Arrom e An\u00fancio Mart\u00ed.<\/p>\n<p>Abdo demonstrou otimismo com as negocia\u00e7\u00f5es. &#8220;Estamos muito otimistas de que teremos bons resultados em nosso pedido para que o\u00a0<em>status<\/em>\u00a0de refugiado de Arrom e Mart\u00ed seja\u00a0cancelado&#8221;, disse o presidente referindo-se aos homens processados pela Justi\u00e7a do Paraguai pelo sequestro de uma mulher h\u00e1 quase 18 anos..<\/p>\n<p>Arrom e Mart\u00ed acusam policiais de tortur\u00e1-los e cobram indeniza\u00e7\u00e3o do Estado paraguaio. O governo do Paraguai recorreu, e houve interfer\u00eancia da Corte Interamericana de Direitos Humanos. Em\u00a0<span id=\"OBJ_PREFIX_DWT171_com_zimbra_date\" role=\"link\">7 de fevereiro<\/span>, o Paraguai apresentar\u00e1 argumentos alegando que ambos s\u00e3o fugitivos da Justi\u00e7a.<\/p>\n<p>O processo est\u00e1 na Corte Interamericana de Direitos Humanos (CIDH), e os dois acusados querem US$ 123 milh\u00f5es de repara\u00e7\u00e3o de danos. O governo do Paraguai deve aguardar at\u00e9 abril, m\u00eas em que se realizar\u00e1 a\u00a0<span id=\"OBJ_PREFIX_DWT172_com_zimbra_date\" role=\"link\">segunda<\/span>\u00a0reuni\u00e3o do tribunal.<\/p>\n<h2>Visita<\/h2>\n<p>Em Bras\u00edlia, Bolsonaro e Abdo devem dar continuidade \u00e0 discuss\u00e3o da constru\u00e7\u00e3o de duas pontes entre os dois\u00a0pa\u00edses. Cada pa\u00eds dever\u00e1 ser respons\u00e1vel pela constru\u00e7\u00e3o de uma das pontes. A previs\u00e3o \u00e9 que a brasileira seja iniciada ainda em 2019 e conclu\u00edda em tr\u00eas anos.<\/p>\n<p>Um das pontes ligar\u00e1 a cidade paranaense de Foz do Igua\u00e7u a Puerto Presidente Franco, no Paraguai, que ficar\u00e1 a\u00a0cargo do Brasil e servir\u00e1 para desafogar o intenso fluxo na Ponte da Amizade, que liga Foz do Igua\u00e7u a\u00a0Ciudad del Este.<\/p>\n<p>A outra, que ficar\u00e1 sob responsabilidade do Paraguai, ir\u00e1 ligar a cidade de Porto Murtinho, no Mato Grosso do Sul, a\u00a0Carmelo Peralta. O objetivo \u00e9 facilitar o acesso ao Oceano Pac\u00edfico. A previs\u00e3o \u00e9 que cada uma custar\u00e1 cerca de US$\u00a070 milh\u00f5es.<\/p>\n<h2>Seguran\u00e7a<\/h2>\n<p>Bolsonaro e Abdo tamb\u00e9m v\u00e3o tratar da seguran\u00e7a\u00a0na fronteira, do combate ao tr\u00e1fico e do com\u00e9rcio entre os pa\u00edses da regi\u00e3o, assim como quest\u00f5es internas do Mercosul (grupo que re\u00fane Brasil, Paraguai, Uruguai e Argentina, pois a Venezuela est\u00e1 suspensa) e negocia\u00e7\u00f5es do\u00a0grupo com outros pa\u00edses.<\/p>\n<p>A crise na Venezuela \u00e9 outro tema que ser\u00e1 discutido pelos presidentes. Em janeiro, o Paraguai anunciou o rompimento das rela\u00e7\u00f5es diplom\u00e1ticas com a Venezuela. Bolsonaro e Abdo ap\u00f3iam Juan Guaid\u00f3, presidente da Assembleia Nacional da Venezuela e autodeclarado presidente do pa\u00eds, que esteve tanto no Brasil quanto no Paraguai.<\/p>\n<p>Fonte: Ag\u00eancia Brasil<\/p>\n<p>&nbsp;<\/p>\n","protected":false},"excerpt":{"rendered":"<p>Os presidentes do Brasil e do Paraguai, Jair Bolsonaro e Mario Abdo Ben\u00edtez, re\u00fanem-se na pr\u00f3xim ter\u00e7a-feira, 12, em Bras\u00edlia. Eles v\u00e3o tratar da constru\u00e7\u00e3o de duas pontes ligando os dois\u00a0pa\u00edses, de rela\u00e7\u00f5es comerciais e da revoga\u00e7\u00e3o do\u00a0status\u00a0de refugiado de dois paraguaios que est\u00e3o no Brasil, Juan Arrom e An\u00fancio Mart\u00ed. Abdo demonstrou otimismo com [&hellip;]<\/p>\n","protected":false},"author":96,"featured_media":135507,"comment_status":"closed","ping_status":"closed","sticky":false,"template":"","format":"standard","meta":{"footnotes":""},"categories":[302,436,439],"tags":[],"class_list":["post-135506","post","type-post","status-publish","format-standard","has-post-thumbnail","hentry","category-brasil-mundo","category-destaque-da-semana","category-ultima-hora"],"_links":{"self":[{"href":"https:\/\/diarioregionaldigital.com.br\/index.php?rest_route=\/wp\/v2\/posts\/135506","targetHints":{"allow":["GET"]}}],"collection":[{"href":"https:\/\/diarioregionaldigital.com.br\/index.php?rest_route=\/wp\/v2\/posts"}],"about":[{"href":"https:\/\/diarioregionaldigital.com.br\/index.php?rest_route=\/wp\/v2\/types\/post"}],"author":[{"embeddable":true,"href":"https:\/\/diarioregionaldigital.com.br\/index.php?rest_route=\/wp\/v2\/users\/96"}],"replies":[{"embeddable":true,"href":"https:\/\/diarioregionaldigital.com.br\/index.php?rest_route=%2Fwp%2Fv2%2Fcomments&post=135506"}],"version-history":[{"count":0,"href":"https:\/\/diarioregionaldigital.com.br\/index.php?rest_route=\/wp\/v2\/posts\/135506\/revisions"}],"wp:featuredmedia":[{"embeddable":true,"href":"https:\/\/diarioregionaldigital.com.br\/index.php?rest_route=\/wp\/v2\/media\/135507"}],"wp:attachment":[{"href":"https:\/\/diarioregionaldigital.com.br\/index.php?rest_route=%2Fwp%2Fv2%2Fmedia&parent=135506"}],"wp:term":[{"taxonomy":"category","embeddable":true,"href":"https:\/\/diarioregionaldigital.com.br\/index.php?rest_route=%2Fwp%2Fv2%2Fcategories&post=135506"},{"taxonomy":"post_tag","embeddable":true,"href":"https:\/\/diarioregionaldigital.com.br\/index.php?rest_route=%2Fwp%2Fv2%2Ftags&post=135506"}],"curies":[{"name":"wp","href":"https:\/\/api.w.org\/{rel}","templated":true}]}}