{"id":135500,"date":"2019-03-09T09:37:17","date_gmt":"2019-03-09T12:37:17","guid":{"rendered":"https:\/\/diarioregionaldigital.com.br\/?p=135500"},"modified":"2019-03-09T09:37:17","modified_gmt":"2019-03-09T12:37:17","slug":"bloco-dos-servidores-desfila-na-rua-halfeld-neste-sabado","status":"publish","type":"post","link":"https:\/\/diarioregionaldigital.com.br\/?p=135500","title":{"rendered":"\u201cBloco dos Servidores\u201d desfila na Rua Halfeld neste s\u00e1bado"},"content":{"rendered":"<p>Embora o Carnaval 2019 j\u00e1 tenha acabado oficialmente, Juiz de Fora ainda est\u00e1 no clima da folia. Neste s\u00e1bado, o \u201cBloco dos Servidores\u201d estar\u00e1 no Centro da cidade, com concentra\u00e7\u00e3o ao meio-dia, no Parque Halfeld, em frente \u00e0 escadaria da C\u00e2mara Municipal. \u00c0s 13 horas, os foli\u00f5es descer\u00e3o o cal\u00e7ad\u00e3o da Rua Halfeld, at\u00e9 a Rua Batista de Oliveira. O bloco, que estava programado para sair em 26 de fevereiro, mas acabou prejudicado pela forte chuva, deve se apresentar at\u00e9 as 16 horas.<\/p>\n<p>Esta ser\u00e1 a quarta edi\u00e7\u00e3o do \u201cBloco dos Servidores\u201d, que re\u00fane em torno de 200 integrantes, entre funcion\u00e1rios da Prefeitura de Juiz de Fora (PJF), acompanhantes e simpatizantes em geral. Ser\u00e3o executadas marchinhas carnavalescas e sambas tradicionais, al\u00e9m da m\u00fasica do pr\u00f3prio grupu, com letra de Lup\u00e9rcio, da Empresa Municipal de Pavimenta\u00e7\u00e3o e Urbaniza\u00e7\u00e3o (Empav) e N\u00fabia Luiza. O enredo \u00e9 homenagem a Moacyr Toledo, maior artilheiro da hist\u00f3ria do Tupi, com 159 gols marcados.<\/p>\n<p>Os foli\u00f5es foram orientados pela dire\u00e7\u00e3o do bloco a usarem camisas de seus times de cora\u00e7\u00e3o ou das escolas de samba preferidas.<\/p>\n<p>Fonte: Assessoria PJF<\/p>\n","protected":false},"excerpt":{"rendered":"<p>Embora o Carnaval 2019 j\u00e1 tenha acabado oficialmente, Juiz de Fora ainda est\u00e1 no clima da folia. Neste s\u00e1bado, o \u201cBloco dos Servidores\u201d estar\u00e1 no Centro da cidade, com concentra\u00e7\u00e3o ao meio-dia, no Parque Halfeld, em frente \u00e0 escadaria da C\u00e2mara Municipal. \u00c0s 13 horas, os foli\u00f5es descer\u00e3o o cal\u00e7ad\u00e3o da Rua Halfeld, at\u00e9 a [&hellip;]<\/p>\n","protected":false},"author":96,"featured_media":135503,"comment_status":"closed","ping_status":"closed","sticky":false,"template":"","format":"standard","meta":{"footnotes":""},"categories":[253,436,439],"tags":[],"class_list":["post-135500","post","type-post","status-publish","format-standard","has-post-thumbnail","hentry","category-cidade","category-destaque-da-semana","category-ultima-hora"],"_links":{"self":[{"href":"https:\/\/diarioregionaldigital.com.br\/index.php?rest_route=\/wp\/v2\/posts\/135500","targetHints":{"allow":["GET"]}}],"collection":[{"href":"https:\/\/diarioregionaldigital.com.br\/index.php?rest_route=\/wp\/v2\/posts"}],"about":[{"href":"https:\/\/diarioregionaldigital.com.br\/index.php?rest_route=\/wp\/v2\/types\/post"}],"author":[{"embeddable":true,"href":"https:\/\/diarioregionaldigital.com.br\/index.php?rest_route=\/wp\/v2\/users\/96"}],"replies":[{"embeddable":true,"href":"https:\/\/diarioregionaldigital.com.br\/index.php?rest_route=%2Fwp%2Fv2%2Fcomments&post=135500"}],"version-history":[{"count":0,"href":"https:\/\/diarioregionaldigital.com.br\/index.php?rest_route=\/wp\/v2\/posts\/135500\/revisions"}],"wp:featuredmedia":[{"embeddable":true,"href":"https:\/\/diarioregionaldigital.com.br\/index.php?rest_route=\/wp\/v2\/media\/135503"}],"wp:attachment":[{"href":"https:\/\/diarioregionaldigital.com.br\/index.php?rest_route=%2Fwp%2Fv2%2Fmedia&parent=135500"}],"wp:term":[{"taxonomy":"category","embeddable":true,"href":"https:\/\/diarioregionaldigital.com.br\/index.php?rest_route=%2Fwp%2Fv2%2Fcategories&post=135500"},{"taxonomy":"post_tag","embeddable":true,"href":"https:\/\/diarioregionaldigital.com.br\/index.php?rest_route=%2Fwp%2Fv2%2Ftags&post=135500"}],"curies":[{"name":"wp","href":"https:\/\/api.w.org\/{rel}","templated":true}]}}