{"id":135499,"date":"2019-03-09T07:28:38","date_gmt":"2019-03-09T10:28:38","guid":{"rendered":"https:\/\/diarioregionaldigital.com.br\/?p=135499"},"modified":"2019-03-09T09:31:41","modified_gmt":"2019-03-09T12:31:41","slug":"settra-altera-transito-para-realizacao-do-bem-comum-lazer","status":"publish","type":"post","link":"https:\/\/diarioregionaldigital.com.br\/?p=135499","title":{"rendered":"Settra altera tr\u00e2nsito para realiza\u00e7\u00e3o do \u201cBem Comum Lazer\u201d"},"content":{"rendered":"<p>Neste domingo, 10, a Secretaria de Transporte e Tr\u00e2nsito (Settra) da Prefeitura de Juiz de Fora (PJF) far\u00e1 interven\u00e7\u00f5es na regi\u00e3o central para mais uma edi\u00e7\u00e3o do \u201cBem Comum Lazer\u201d. Das 6 \u00e0s 13 horas, a pista central da Avenida Rio Branco, no trecho entre a Rua Doutor Romualdo e Avenida Doutor Jos\u00e9 Proc\u00f3pio Teixeira, ficar\u00e1 interditada para o tr\u00e2nsito de ve\u00edculos.<\/p>\n<p><b>Transporte coletivo<\/b><\/p>\n<p>Os \u00f4nibus que circulam no sentido Manoel Hon\u00f3rio\/Bom Pastor deixar\u00e3o a faixa central no cruzamento com a Avenida Presidente Itamar Franco, descendo para a pista lateral. No sentido Centro\/Bairro, retornar\u00e3o \u00e0 pista central no cruzamento com a Rua Doutor Romualdo. Os pontos de parada na pista lateral ser\u00e3o em frente aos atuais da pista central.<\/p>\n<p>Fonte: Assessoria PJF<\/p>\n","protected":false},"excerpt":{"rendered":"<p>Neste domingo, 10, a Secretaria de Transporte e Tr\u00e2nsito (Settra) da Prefeitura de Juiz de Fora (PJF) far\u00e1 interven\u00e7\u00f5es na regi\u00e3o central para mais uma edi\u00e7\u00e3o do \u201cBem Comum Lazer\u201d. Das 6 \u00e0s 13 horas, a pista central da Avenida Rio Branco, no trecho entre a Rua Doutor Romualdo e Avenida Doutor Jos\u00e9 Proc\u00f3pio Teixeira, [&hellip;]<\/p>\n","protected":false},"author":96,"featured_media":135501,"comment_status":"closed","ping_status":"closed","sticky":false,"template":"","format":"standard","meta":{"footnotes":""},"categories":[253,436,440,439],"tags":[],"class_list":["post-135499","post","type-post","status-publish","format-standard","has-post-thumbnail","hentry","category-cidade","category-destaque-da-semana","category-destaques-do-dia","category-ultima-hora"],"_links":{"self":[{"href":"https:\/\/diarioregionaldigital.com.br\/index.php?rest_route=\/wp\/v2\/posts\/135499","targetHints":{"allow":["GET"]}}],"collection":[{"href":"https:\/\/diarioregionaldigital.com.br\/index.php?rest_route=\/wp\/v2\/posts"}],"about":[{"href":"https:\/\/diarioregionaldigital.com.br\/index.php?rest_route=\/wp\/v2\/types\/post"}],"author":[{"embeddable":true,"href":"https:\/\/diarioregionaldigital.com.br\/index.php?rest_route=\/wp\/v2\/users\/96"}],"replies":[{"embeddable":true,"href":"https:\/\/diarioregionaldigital.com.br\/index.php?rest_route=%2Fwp%2Fv2%2Fcomments&post=135499"}],"version-history":[{"count":0,"href":"https:\/\/diarioregionaldigital.com.br\/index.php?rest_route=\/wp\/v2\/posts\/135499\/revisions"}],"wp:featuredmedia":[{"embeddable":true,"href":"https:\/\/diarioregionaldigital.com.br\/index.php?rest_route=\/wp\/v2\/media\/135501"}],"wp:attachment":[{"href":"https:\/\/diarioregionaldigital.com.br\/index.php?rest_route=%2Fwp%2Fv2%2Fmedia&parent=135499"}],"wp:term":[{"taxonomy":"category","embeddable":true,"href":"https:\/\/diarioregionaldigital.com.br\/index.php?rest_route=%2Fwp%2Fv2%2Fcategories&post=135499"},{"taxonomy":"post_tag","embeddable":true,"href":"https:\/\/diarioregionaldigital.com.br\/index.php?rest_route=%2Fwp%2Fv2%2Ftags&post=135499"}],"curies":[{"name":"wp","href":"https:\/\/api.w.org\/{rel}","templated":true}]}}