{"id":135496,"date":"2019-03-09T09:28:13","date_gmt":"2019-03-09T12:28:13","guid":{"rendered":"https:\/\/diarioregionaldigital.com.br\/?p=135496"},"modified":"2019-03-09T09:28:13","modified_gmt":"2019-03-09T12:28:13","slug":"procon-promove-acoes-gratuitas-em-comemoracao-ao-dia-internacional-de-defesa-do-consumidor","status":"publish","type":"post","link":"https:\/\/diarioregionaldigital.com.br\/?p=135496","title":{"rendered":"Procon promove a\u00e7\u00f5es gratuitas em comemora\u00e7\u00e3o ao \u201cDia Internacional de Defesa do Consumidor\u201d"},"content":{"rendered":"<p>A Ag\u00eancia de Prote\u00e7\u00e3o e Defesa do Consumidor (Procon\/JF) da Prefeitura de Juiz de Fora (PJF) promover\u00e1 diversas a\u00e7\u00f5es voltadas ao p\u00fablico durante a pr\u00f3xima semana. Haver\u00e1 distribui\u00e7\u00e3o de material informativo, palestras sobre os direitos b\u00e1sicos do consumidor, campanhas educativas, bem como divulga\u00e7\u00e3o da lista das empresas mais reclamadas em 2018. A programa\u00e7\u00e3o marca o \u201cDia Internacional de Defesa do Consumidor\u201d, celebrado na sexta-feira, 15.<\/p>\n<p>O superintendente do Procon, Eduardo Schroder, diz que as atividades planejadas na semana do consumidor ajudam a difundir a informa\u00e7\u00e3o entre os diversos p\u00fablicos, a fim de conscientizar todos sobre os seus direitos: \u201cAtrav\u00e9s das palestras com os idosos, as palestras nas escolas, n\u00f3s podemos disseminar informa\u00e7\u00e3o e atingir o p\u00fablico que quer se informar\u201d.<\/p>\n<p>A unidade m\u00f3vel do Procon estar\u00e1 no Bairro Vila Ideal na segunda-feira, 11, e na Rua Halfeld na sexta-feira, 15, para distribuir material informativo para a popula\u00e7\u00e3o e orientar quanto aos seus direitos, garantidos pelo C\u00f3digo de Defesa do Consumidor (CDC).<\/p>\n<p>Os cursos de educa\u00e7\u00e3o financeira e de direito do consumidor de mar\u00e7o come\u00e7am junto com a programa\u00e7\u00e3o semanal, com o intuito de respaldar o consumidor em quest\u00f5es como equil\u00edbrio nas rela\u00e7\u00f5es de consumo e o uso correto do dinheiro. Al\u00e9m disso, durante as a\u00e7\u00f5es, o Procon divulgar\u00e1 o consumidor.gov, plataforma digital para o recebimento de reclama\u00e7\u00f5es e que pode ser baixada por Android e IOS.<\/p>\n<p>Na quinta-feira, 14, o Procon ministrar\u00e1 palestra especialmente voltada aos idosos, para que n\u00e3o sejam prejudicados em situa\u00e7\u00f5es diversas, tais como, na contrata\u00e7\u00e3o de empr\u00e9stimo consignado em ag\u00eancias banc\u00e1rias ou aquisi\u00e7\u00e3o de produtos e servi\u00e7os de modo geral, entre outras orienta\u00e7\u00f5es.<\/p>\n<p>A lista de empresas mais reclamadas ser\u00e1 divulgada no dia 15. A programa\u00e7\u00e3o completa pode ser conferida em anexo.<\/p>\n<p>Informa\u00e7\u00f5es e orienta\u00e7\u00f5es sobre direitos do consumidor podem ser solicitadas pelos telefones 3690-7610 e 3690-7611, ou na sede da ag\u00eancia, na Avenida Presidente Itamar Franco, 992, Centro, de segunda a sexta-feira, das 8h30 \u00e0s 17h30.<\/p>\n<p>Fonte: Assessoria PJF<\/p>\n","protected":false},"excerpt":{"rendered":"<p>A Ag\u00eancia de Prote\u00e7\u00e3o e Defesa do Consumidor (Procon\/JF) da Prefeitura de Juiz de Fora (PJF) promover\u00e1 diversas a\u00e7\u00f5es voltadas ao p\u00fablico durante a pr\u00f3xima semana. Haver\u00e1 distribui\u00e7\u00e3o de material informativo, palestras sobre os direitos b\u00e1sicos do consumidor, campanhas educativas, bem como divulga\u00e7\u00e3o da lista das empresas mais reclamadas em 2018. A programa\u00e7\u00e3o marca o [&hellip;]<\/p>\n","protected":false},"author":96,"featured_media":135497,"comment_status":"closed","ping_status":"closed","sticky":false,"template":"","format":"standard","meta":{"footnotes":""},"categories":[253,436,439],"tags":[],"class_list":["post-135496","post","type-post","status-publish","format-standard","has-post-thumbnail","hentry","category-cidade","category-destaque-da-semana","category-ultima-hora"],"_links":{"self":[{"href":"https:\/\/diarioregionaldigital.com.br\/index.php?rest_route=\/wp\/v2\/posts\/135496","targetHints":{"allow":["GET"]}}],"collection":[{"href":"https:\/\/diarioregionaldigital.com.br\/index.php?rest_route=\/wp\/v2\/posts"}],"about":[{"href":"https:\/\/diarioregionaldigital.com.br\/index.php?rest_route=\/wp\/v2\/types\/post"}],"author":[{"embeddable":true,"href":"https:\/\/diarioregionaldigital.com.br\/index.php?rest_route=\/wp\/v2\/users\/96"}],"replies":[{"embeddable":true,"href":"https:\/\/diarioregionaldigital.com.br\/index.php?rest_route=%2Fwp%2Fv2%2Fcomments&post=135496"}],"version-history":[{"count":0,"href":"https:\/\/diarioregionaldigital.com.br\/index.php?rest_route=\/wp\/v2\/posts\/135496\/revisions"}],"wp:featuredmedia":[{"embeddable":true,"href":"https:\/\/diarioregionaldigital.com.br\/index.php?rest_route=\/wp\/v2\/media\/135497"}],"wp:attachment":[{"href":"https:\/\/diarioregionaldigital.com.br\/index.php?rest_route=%2Fwp%2Fv2%2Fmedia&parent=135496"}],"wp:term":[{"taxonomy":"category","embeddable":true,"href":"https:\/\/diarioregionaldigital.com.br\/index.php?rest_route=%2Fwp%2Fv2%2Fcategories&post=135496"},{"taxonomy":"post_tag","embeddable":true,"href":"https:\/\/diarioregionaldigital.com.br\/index.php?rest_route=%2Fwp%2Fv2%2Ftags&post=135496"}],"curies":[{"name":"wp","href":"https:\/\/api.w.org\/{rel}","templated":true}]}}