{"id":135489,"date":"2019-03-09T09:19:22","date_gmt":"2019-03-09T12:19:22","guid":{"rendered":"https:\/\/diarioregionaldigital.com.br\/?p=135489"},"modified":"2019-03-09T09:19:22","modified_gmt":"2019-03-09T12:19:22","slug":"bolsonaro-e-trump-encontram-se-dia-19-diz-casa-branca","status":"publish","type":"post","link":"https:\/\/diarioregionaldigital.com.br\/?p=135489","title":{"rendered":"Bolsonaro e Trump encontram-se dia 19, diz Casa Branca"},"content":{"rendered":"<p>Os presidentes do Brasil e dos Estados Unidos, Jair Bolsonaro e Donald Trump, v\u00e3o se encontrar no pr\u00f3ximo\u00a0dia 19, segundo comunicado da Casa Branca. Entre os temas que poder\u00e3o ser discutidos no encontro, destacam-se a coopera\u00e7\u00e3o na \u00e1rea da defesa, pol\u00edticas comerciais, combate ao crime transnacional e a crise na Venezuela.<\/p>\n<p>De acordo com a Casa Branca, Bolsonaro e Trump v\u00e3o conversar sobre os esfor\u00e7os para fornecer ajuda humanit\u00e1ria \u00e0 Venezuela. Brasil, Estados Unidos e Col\u00f4mbia lideraram o movimento de doa\u00e7\u00f5es para os venezuelanos a partir da cidade colombiana de C\u00facuta e da brasileira Boa Vista, capital de Roraima.<\/p>\n<p>Os Estados Unidos e o Brasil, mais de 50 na\u00e7\u00f5es no total, reconheceram Juan Guaid\u00f3, autodeclarado presidente da Venezuela, como leg\u00edtimo. Guaid\u00f3 \u00e9 presidente da Assembleia Nacional da Venezuela. O impasse no pa\u00eds vizinho permanece, pois o presidente Nicol\u00e1s Maduro diz que vai se manter no poder com apoio da China, R\u00fassia e Turquia, do M\u00e9xico e Uruguai.<\/p>\n<p>A viagem de Bolsonaro deve ocorrer entre os dias 18 e 22 deste m\u00eas. O ministro das Rela\u00e7\u00f5es Exteriores,\u00a0Ernesto Ara\u00fajo, e o deputado\u00a0Eduardo Bolsonaro\u00a0(PSL-SP) fizeram viagens aos Estados Unidos para preparar a visita do presidente da Rep\u00fablica.<\/p>\n<p>Fonte: Ag\u00eancia Brasil<\/p>\n","protected":false},"excerpt":{"rendered":"<p>Os presidentes do Brasil e dos Estados Unidos, Jair Bolsonaro e Donald Trump, v\u00e3o se encontrar no pr\u00f3ximo\u00a0dia 19, segundo comunicado da Casa Branca. Entre os temas que poder\u00e3o ser discutidos no encontro, destacam-se a coopera\u00e7\u00e3o na \u00e1rea da defesa, pol\u00edticas comerciais, combate ao crime transnacional e a crise na Venezuela. De acordo com a [&hellip;]<\/p>\n","protected":false},"author":96,"featured_media":135490,"comment_status":"closed","ping_status":"closed","sticky":false,"template":"","format":"standard","meta":{"footnotes":""},"categories":[302,436,439],"tags":[],"class_list":["post-135489","post","type-post","status-publish","format-standard","has-post-thumbnail","hentry","category-brasil-mundo","category-destaque-da-semana","category-ultima-hora"],"_links":{"self":[{"href":"https:\/\/diarioregionaldigital.com.br\/index.php?rest_route=\/wp\/v2\/posts\/135489","targetHints":{"allow":["GET"]}}],"collection":[{"href":"https:\/\/diarioregionaldigital.com.br\/index.php?rest_route=\/wp\/v2\/posts"}],"about":[{"href":"https:\/\/diarioregionaldigital.com.br\/index.php?rest_route=\/wp\/v2\/types\/post"}],"author":[{"embeddable":true,"href":"https:\/\/diarioregionaldigital.com.br\/index.php?rest_route=\/wp\/v2\/users\/96"}],"replies":[{"embeddable":true,"href":"https:\/\/diarioregionaldigital.com.br\/index.php?rest_route=%2Fwp%2Fv2%2Fcomments&post=135489"}],"version-history":[{"count":0,"href":"https:\/\/diarioregionaldigital.com.br\/index.php?rest_route=\/wp\/v2\/posts\/135489\/revisions"}],"wp:featuredmedia":[{"embeddable":true,"href":"https:\/\/diarioregionaldigital.com.br\/index.php?rest_route=\/wp\/v2\/media\/135490"}],"wp:attachment":[{"href":"https:\/\/diarioregionaldigital.com.br\/index.php?rest_route=%2Fwp%2Fv2%2Fmedia&parent=135489"}],"wp:term":[{"taxonomy":"category","embeddable":true,"href":"https:\/\/diarioregionaldigital.com.br\/index.php?rest_route=%2Fwp%2Fv2%2Fcategories&post=135489"},{"taxonomy":"post_tag","embeddable":true,"href":"https:\/\/diarioregionaldigital.com.br\/index.php?rest_route=%2Fwp%2Fv2%2Ftags&post=135489"}],"curies":[{"name":"wp","href":"https:\/\/api.w.org\/{rel}","templated":true}]}}