{"id":135478,"date":"2019-03-09T07:04:09","date_gmt":"2019-03-09T10:04:09","guid":{"rendered":"https:\/\/diarioregionaldigital.com.br\/?p=135478"},"modified":"2019-03-09T08:07:25","modified_gmt":"2019-03-09T11:07:25","slug":"governo-de-minas-lanca-programa-de-gestao-de-servidores-publicos","status":"publish","type":"post","link":"https:\/\/diarioregionaldigital.com.br\/?p=135478","title":{"rendered":"Governo de Minas lan\u00e7a programa de gest\u00e3o de servidores p\u00fablicos"},"content":{"rendered":"<p>Ter\u00e1 in\u00edcio na pr\u00f3xima segunda-feira,11, o programa \u201cTransforma Minas\u201d, do\u00a0<a href=\"http:\/\/www.mg.gov.br\/\" target=\"_blank\" rel=\"noopener\">Governo de Minas Gerais<\/a>, projeto in\u00e9dito para preenchimento de vagas de chefia, dire\u00e7\u00e3o e superintend\u00eancias das secretarias e \u00f3rg\u00e3os da administra\u00e7\u00e3o direta e indireta do Estado. O lan\u00e7amento foi realizado nessa sexta-feira, 8, pelo secret\u00e1rio de Estado de\u00a0<a href=\"http:\/\/www.planejamento.mg.gov.br\/\" target=\"_blank\" rel=\"noopener\">Planejamento e Gest\u00e3o<\/a>, Otto Levy, durante coletiva \u00e0 imprensa na Cidade Administrativa, em Belo Horizonte<\/p>\n<p>O programa dar\u00e1 continuidade ao processo que se iniciou com a sele\u00e7\u00e3o dos secret\u00e1rios e \u00e9 inspirado em modelos e pr\u00e1ticas bem-sucedidas de gest\u00e3o de pessoas no setor p\u00fablico, adotados em pa\u00edses como Austr\u00e1lia, Chile e Reino Unido.<\/p>\n<p>&#8220;Com o programa Transforma Minas, n\u00e3o s\u00f3 vamos garantir a escolha dos melhores profissionais para postos de lideran\u00e7a e ger\u00eancia no governo, como vamos dar mais transpar\u00eancia \u00e0s decis\u00f5es e desenvolver um modelo diferente de gest\u00e3o p\u00fablica, baseado nos resultados e na cont\u00ednua presta\u00e7\u00e3o de contas \u00e0 sociedade. \u00c9 a continuidade da realiza\u00e7\u00e3o de uma das nossas plataformas de governo&#8221;, afirma o governador\u00a0Romeu Zema.<\/p>\n<p>Segundo o secret\u00e1rio de Planejamento e Gest\u00e3o, podem participar da sele\u00e7\u00e3o funcion\u00e1rios p\u00fablicos, profissionais da iniciativa privada ou do terceiro setor que preencherem os pr\u00e9-requisitos e as compet\u00eancias exigidas em cada fun\u00e7\u00e3o. \u00c0 exce\u00e7\u00e3o de algumas posi\u00e7\u00f5es, como as Superintend\u00eancias Regionais de Ensino, que devem ser preenchidas necessariamente por servidores p\u00fablicos efetivos &#8211; ativos ou inativos das carreiras p\u00fablicas da\u00a0<a href=\"http:\/\/www.educacao.mg.gov.br\/\" target=\"_blank\" rel=\"noopener\">Educa\u00e7\u00e3o<\/a>\u00a0do Estado de Minas Gerais.<\/p>\n<p>&#8220;O objetivo \u00e9 transformar a cultura de gest\u00e3o de pessoas no setor p\u00fablico, replicar as melhores e mais atualizadas pr\u00e1ticas da iniciativa privada e de setores p\u00fablicos no mundo.\u00a0A gente pretende selecionar lideran\u00e7as em grande escala para o governo. N\u00e3o estamos falando de uma ou duas posi\u00e7\u00f5es, mas de um n\u00famero significativo de posi\u00e7\u00f5es que consigam fazer a diferen\u00e7a na administra\u00e7\u00e3o do Estado.\u00a0Nosso objeto \u00e9 escolher as melhores pessoas para aprimorar a gest\u00e3o do Estado e, cada vez mais, profissionaliz\u00e1-la, criando crit\u00e9rios objetivos de meritocracia&#8221;, afirmou Levy. Ele ainda ressaltou que o programa n\u00e3o criar\u00e1 novos cargos e, consequentemente, n\u00e3o trar\u00e1 novas despesas ao Estado.<\/p>\n<p>Tamb\u00e9m de acordo com Otto Levy, a inten\u00e7\u00e3o \u00e9 que o programa seja permanente na administra\u00e7\u00e3o p\u00fablica mineira. &#8220;A gente quer lan\u00e7ar um programa de Estado, que fique como um legado para Minas Gerais. \u00c9 um programa que tem come\u00e7o e n\u00e3o tem fim. Queremos lideran\u00e7as, pessoas que consigam resultados, melhorando o servi\u00e7o p\u00fablico com impacto na vida do cidad\u00e3o&#8221;, completou.<\/p>\n<p><strong>Sele\u00e7\u00e3o<\/strong><\/p>\n<p>As etapas de sele\u00e7\u00e3o v\u00e3o variar para cada vaga ofertada, podendo envolver, al\u00e9m da an\u00e1lise curricular, entrevista por compet\u00eancias, entrevista com especialistas, teste de perfil, dentre outras.<\/p>\n<p>Todas as informa\u00e7\u00f5es sobre o programa poder\u00e3o ser acompanhadas, a partir da pr\u00f3xima segunda-feira, 11, por meio do site\u00a0<a href=\"http:\/\/www.transformaminas.mg.gov.br\/\" target=\"_blank\" rel=\"noopener\">www.transformaminas.mg.gov.br<\/a>, assim como as informa\u00e7\u00f5es completas sobre os cargos a serem preenchidos, \u00e0 medida em que forem sendo disponibilizados pelo governo.<\/p>\n<p><strong>Parceria<\/strong><\/p>\n<p>O programa \u00e9 fruto de um Acordo de Coopera\u00e7\u00e3o T\u00e9cnica (ACT) entre o Governo de Minas e a Funda\u00e7\u00e3o Lemann, representando uma alian\u00e7a de organiza\u00e7\u00f5es do terceiro setor, formada por Funda\u00e7\u00e3o Brava, Funda\u00e7\u00e3o Lemann, Instituto Humanize e Instituto Rep\u00fablica. As entidades se uniram para construir, em parceria com o setor p\u00fablico, solu\u00e7\u00f5es inovadoras.<\/p>\n<p>Elas t\u00eam somado esfor\u00e7os em projetos que promovam o aprimoramento da gest\u00e3o p\u00fablica, por meio da produ\u00e7\u00e3o de conhecimento, mobiliza\u00e7\u00e3o social e estrutura\u00e7\u00e3o de modelos e boas pr\u00e1ticas, entre outras a\u00e7\u00f5es. A parceria n\u00e3o envolve transfer\u00eancia de recursos financeiros entre as partes.<\/p>\n<p>Fonte: Ag\u00eancia Minas<\/p>\n","protected":false},"excerpt":{"rendered":"<p>Ter\u00e1 in\u00edcio na pr\u00f3xima segunda-feira,11, o programa \u201cTransforma Minas\u201d, do\u00a0Governo de Minas Gerais, projeto in\u00e9dito para preenchimento de vagas de chefia, dire\u00e7\u00e3o e superintend\u00eancias das secretarias e \u00f3rg\u00e3os da administra\u00e7\u00e3o direta e indireta do Estado. O lan\u00e7amento foi realizado nessa sexta-feira, 8, pelo secret\u00e1rio de Estado de\u00a0Planejamento e Gest\u00e3o, Otto Levy, durante coletiva \u00e0 imprensa [&hellip;]<\/p>\n","protected":false},"author":96,"featured_media":135479,"comment_status":"closed","ping_status":"closed","sticky":false,"template":"","format":"standard","meta":{"footnotes":""},"categories":[302,436,440,439],"tags":[],"class_list":["post-135478","post","type-post","status-publish","format-standard","has-post-thumbnail","hentry","category-brasil-mundo","category-destaque-da-semana","category-destaques-do-dia","category-ultima-hora"],"_links":{"self":[{"href":"https:\/\/diarioregionaldigital.com.br\/index.php?rest_route=\/wp\/v2\/posts\/135478","targetHints":{"allow":["GET"]}}],"collection":[{"href":"https:\/\/diarioregionaldigital.com.br\/index.php?rest_route=\/wp\/v2\/posts"}],"about":[{"href":"https:\/\/diarioregionaldigital.com.br\/index.php?rest_route=\/wp\/v2\/types\/post"}],"author":[{"embeddable":true,"href":"https:\/\/diarioregionaldigital.com.br\/index.php?rest_route=\/wp\/v2\/users\/96"}],"replies":[{"embeddable":true,"href":"https:\/\/diarioregionaldigital.com.br\/index.php?rest_route=%2Fwp%2Fv2%2Fcomments&post=135478"}],"version-history":[{"count":0,"href":"https:\/\/diarioregionaldigital.com.br\/index.php?rest_route=\/wp\/v2\/posts\/135478\/revisions"}],"wp:featuredmedia":[{"embeddable":true,"href":"https:\/\/diarioregionaldigital.com.br\/index.php?rest_route=\/wp\/v2\/media\/135479"}],"wp:attachment":[{"href":"https:\/\/diarioregionaldigital.com.br\/index.php?rest_route=%2Fwp%2Fv2%2Fmedia&parent=135478"}],"wp:term":[{"taxonomy":"category","embeddable":true,"href":"https:\/\/diarioregionaldigital.com.br\/index.php?rest_route=%2Fwp%2Fv2%2Fcategories&post=135478"},{"taxonomy":"post_tag","embeddable":true,"href":"https:\/\/diarioregionaldigital.com.br\/index.php?rest_route=%2Fwp%2Fv2%2Ftags&post=135478"}],"curies":[{"name":"wp","href":"https:\/\/api.w.org\/{rel}","templated":true}]}}