{"id":135475,"date":"2019-03-09T07:56:07","date_gmt":"2019-03-09T10:56:07","guid":{"rendered":"https:\/\/diarioregionaldigital.com.br\/?p=135475"},"modified":"2019-03-09T07:56:07","modified_gmt":"2019-03-09T10:56:07","slug":"governo-intensifica-campanha-de-esclarecimento-sobre-previdencia","status":"publish","type":"post","link":"https:\/\/diarioregionaldigital.com.br\/?p=135475","title":{"rendered":"Governo intensifica campanha de esclarecimento sobre Previd\u00eancia"},"content":{"rendered":"<p>O governo federal vai intensificar a campanha de esclarecimento da popula\u00e7\u00e3o sobre a reforma da Previd\u00eancia. O porta-voz da Presid\u00eancia da Rep\u00fablica, Ot\u00e1vio do R\u00eago Barros,\u00a0 afirmou nessa sexta-feira, 8, que a determina\u00e7\u00e3o do presidente Jair Bolsonaro \u00e9 informar\u00a0a popula\u00e7\u00e3o sobre os principais pontos da proposta do governo, apresentada ao Congresso no m\u00eas passado.<\/p>\n<p>\u201cO presidente Jair Bolsonaro determinou a intensifica\u00e7\u00e3o da estrat\u00e9gia de comunica\u00e7\u00e3o da nova previd\u00eancia por todos os meios dispon\u00edveis [\u2026]. Os principais pontos a destacar: quem ganha menos\u00a0paga menos;\u00a0quem ganha mais\u00a0paga mais; idade m\u00ednima para todos; todos v\u00e3o contribuir; os direitos est\u00e3o garantidos e haver\u00e1 regras de transi\u00e7\u00e3o\u201d, disse R\u00eago Barros.<\/p>\n<p>A ideia \u00e9 que o slogan da campanha &#8211;\u00a0Nova previd\u00eancia. \u00c9 para todos. \u00c9 melhor para o Brasil &#8211; \u00a0seja mais difundido\u00a0em televis\u00e3o, r\u00e1dio e redes sociais. \u201cVamos usar, naturalmente, as m\u00eddias sociais, que \u00e9 uma caracter\u00edstica do nosso presidente, as m\u00eddias sociais do Planalto, integradas \u00e0 m\u00eddia do nosso presidente. N\u00f3s vamos usar a disponibilidade de informa\u00e7\u00f5es por meio da televis\u00e3o, r\u00e1dio, jornal\u201d, afirmou\u00a0o porta-voz.<\/p>\n<p>Bolsonaro ser\u00e1 o principal personagem\u00a0da campanha de esclarecimento \u00e0 sociedade sobre a reforma da previd\u00eancia. \u201cO presidente, naquilo que lhe couber, assumir\u00e1 a lideran\u00e7a dessa comunica\u00e7\u00e3o. Ele entende que seu cargo \u00e9 de extrema responsabilidade e, naturalmente, o seu rosto facilitar\u00e1 o entendimento junto \u00e0 sociedade\u201d.<\/p>\n<p>O governo pretende mostrar que os mais pobres ser\u00e3o mais beneficiados pela reforma da Previd\u00eancia. Segundo R\u00eago Barros, estudos da equipe econ\u00f4mica apontam que a implanta\u00e7\u00e3o da \u201cnova previd\u00eancia\u201d tem potencial para gera\u00e7\u00e3o de 8 milh\u00f5es de empregos e um aumento de R$ 5,8 mil no Produto Interno Bruto (PIB) per capita (por membro da fam\u00edlia) at\u00e9 2023. Al\u00e9m disso, a economia gerada pelas novas regras ser\u00e1 de R$ 1,2 trilh\u00e3o em dez anos, segundo proje\u00e7\u00e3o\u00a0do Minist\u00e9rio da Economia.<\/p>\n<p>&nbsp;<\/p>\n<p>Fonte: Ag\u00eancia Brasil<\/p>\n","protected":false},"excerpt":{"rendered":"<p>O governo federal vai intensificar a campanha de esclarecimento da popula\u00e7\u00e3o sobre a reforma da Previd\u00eancia. O porta-voz da Presid\u00eancia da Rep\u00fablica, Ot\u00e1vio do R\u00eago Barros,\u00a0 afirmou nessa sexta-feira, 8, que a determina\u00e7\u00e3o do presidente Jair Bolsonaro \u00e9 informar\u00a0a popula\u00e7\u00e3o sobre os principais pontos da proposta do governo, apresentada ao Congresso no m\u00eas passado. \u201cO [&hellip;]<\/p>\n","protected":false},"author":96,"featured_media":135476,"comment_status":"closed","ping_status":"closed","sticky":false,"template":"","format":"standard","meta":{"footnotes":""},"categories":[436,254,439],"tags":[],"class_list":["post-135475","post","type-post","status-publish","format-standard","has-post-thumbnail","hentry","category-destaque-da-semana","category-politica","category-ultima-hora"],"_links":{"self":[{"href":"https:\/\/diarioregionaldigital.com.br\/index.php?rest_route=\/wp\/v2\/posts\/135475","targetHints":{"allow":["GET"]}}],"collection":[{"href":"https:\/\/diarioregionaldigital.com.br\/index.php?rest_route=\/wp\/v2\/posts"}],"about":[{"href":"https:\/\/diarioregionaldigital.com.br\/index.php?rest_route=\/wp\/v2\/types\/post"}],"author":[{"embeddable":true,"href":"https:\/\/diarioregionaldigital.com.br\/index.php?rest_route=\/wp\/v2\/users\/96"}],"replies":[{"embeddable":true,"href":"https:\/\/diarioregionaldigital.com.br\/index.php?rest_route=%2Fwp%2Fv2%2Fcomments&post=135475"}],"version-history":[{"count":0,"href":"https:\/\/diarioregionaldigital.com.br\/index.php?rest_route=\/wp\/v2\/posts\/135475\/revisions"}],"wp:featuredmedia":[{"embeddable":true,"href":"https:\/\/diarioregionaldigital.com.br\/index.php?rest_route=\/wp\/v2\/media\/135476"}],"wp:attachment":[{"href":"https:\/\/diarioregionaldigital.com.br\/index.php?rest_route=%2Fwp%2Fv2%2Fmedia&parent=135475"}],"wp:term":[{"taxonomy":"category","embeddable":true,"href":"https:\/\/diarioregionaldigital.com.br\/index.php?rest_route=%2Fwp%2Fv2%2Fcategories&post=135475"},{"taxonomy":"post_tag","embeddable":true,"href":"https:\/\/diarioregionaldigital.com.br\/index.php?rest_route=%2Fwp%2Fv2%2Ftags&post=135475"}],"curies":[{"name":"wp","href":"https:\/\/api.w.org\/{rel}","templated":true}]}}