{"id":135471,"date":"2019-03-09T07:53:05","date_gmt":"2019-03-09T10:53:05","guid":{"rendered":"https:\/\/diarioregionaldigital.com.br\/?p=135471"},"modified":"2019-03-09T07:53:05","modified_gmt":"2019-03-09T10:53:05","slug":"bolsonaro-autoriza-bloqueio-de-bens-de-investigados-por-terrorismo","status":"publish","type":"post","link":"https:\/\/diarioregionaldigital.com.br\/?p=135471","title":{"rendered":"Bolsonaro autoriza bloqueio de bens de investigados por terrorismo"},"content":{"rendered":"<p>O presidente Jair Bolsonaro sancionou projeto de lei, proposto pelo pr\u00f3prio Executivo, que autoriza bloqueio de bens de investigados ou acusados por atos terroristas, financiamento ou a\u00e7\u00f5es correlatas.<\/p>\n<p>O texto foi aprovado pelo Congresso Nacional, mas os parlamentares acrescentaram um trecho que obrigava o Executivo a validar o bloqueio de bens. O presidente vetou o trecho argumentando que vai contra a recomenda\u00e7\u00e3o da Organiza\u00e7\u00e3o das Na\u00e7\u00f5es Unidas (ONU).<\/p>\n<p>\u201cA reda\u00e7\u00e3o do par\u00e1grafo \u00fanico \u00e9 contradit\u00f3ria ao disposto no caput do art. 6\u00ba ao impor atos de internaliza\u00e7\u00e3o e homologa\u00e7\u00e3o como obst\u00e1culos \u00e0 executoriedade imediata de resolu\u00e7\u00f5es sancionat\u00f3rias do Conselho de Seguran\u00e7a das Na\u00e7\u00f5es Unidas, o que subverte a ordem l\u00f3gica da norma [&#8230;]\u201d, justificou o presidente, no veto.<\/p>\n<p>O projeto tornou-se a\u00a0<a href=\"http:\/\/www.in.gov.br\/materia\/-\/asset_publisher\/Kujrw0TZC2Mb\/content\/id\/66191195\" target=\"_blank\" rel=\"noopener\">Lei n\u00ba 13.810<\/a>, que disp\u00f5e sobre o cumprimento de san\u00e7\u00f5es impostas por resolu\u00e7\u00f5es do Conselho de Seguran\u00e7a da ONU. Antes de chegar ao Congresso, o texto foi elaborado por um grupo interministerial e \u00f3rg\u00e3os integrantes da Estrat\u00e9gia Nacional de Combate \u00e0 Corrup\u00e7\u00e3o e Lavagem de Dinheiro (Enccla).<\/p>\n<p>A lei vem para reparar uma falha apontada pelo Grupo de A\u00e7\u00e3o Financeira contra a Lavagem de Dinheiro e o Financiamento do Terrorismo (Gafi), organiza\u00e7\u00e3o intergovernamental cujo prop\u00f3sito \u00e9 desenvolver e promover pol\u00edticas nacionais e internacionais de combate \u00e0 lavagem de dinheiro e ao financiamento do terrorismo. Segundo o Gafi, o Brasil deveria melhorar as leis com rela\u00e7\u00e3o \u00e0 celeridade no cumprimento de resolu\u00e7\u00f5es do Conselho de Seguran\u00e7a da ONU relativas ao combate ao terrorismo, financiamento ou atos correlatos.<\/p>\n<p>Lei anterior, de 2015, j\u00e1 previa o bloqueio dos bens, por\u00e9m dependia de uma ordem judicial, o que foi criticado pelas Na\u00e7\u00f5es Unidas por tornar a medida demorada. Com a nova lei, a anterior foi revogada.<\/p>\n<p>Fonte: Ag\u00eancia Brasil<\/p>\n","protected":false},"excerpt":{"rendered":"<p>O presidente Jair Bolsonaro sancionou projeto de lei, proposto pelo pr\u00f3prio Executivo, que autoriza bloqueio de bens de investigados ou acusados por atos terroristas, financiamento ou a\u00e7\u00f5es correlatas. O texto foi aprovado pelo Congresso Nacional, mas os parlamentares acrescentaram um trecho que obrigava o Executivo a validar o bloqueio de bens. O presidente vetou o [&hellip;]<\/p>\n","protected":false},"author":96,"featured_media":134157,"comment_status":"closed","ping_status":"closed","sticky":false,"template":"","format":"standard","meta":{"footnotes":""},"categories":[436,254,439],"tags":[],"class_list":["post-135471","post","type-post","status-publish","format-standard","has-post-thumbnail","hentry","category-destaque-da-semana","category-politica","category-ultima-hora"],"_links":{"self":[{"href":"https:\/\/diarioregionaldigital.com.br\/index.php?rest_route=\/wp\/v2\/posts\/135471","targetHints":{"allow":["GET"]}}],"collection":[{"href":"https:\/\/diarioregionaldigital.com.br\/index.php?rest_route=\/wp\/v2\/posts"}],"about":[{"href":"https:\/\/diarioregionaldigital.com.br\/index.php?rest_route=\/wp\/v2\/types\/post"}],"author":[{"embeddable":true,"href":"https:\/\/diarioregionaldigital.com.br\/index.php?rest_route=\/wp\/v2\/users\/96"}],"replies":[{"embeddable":true,"href":"https:\/\/diarioregionaldigital.com.br\/index.php?rest_route=%2Fwp%2Fv2%2Fcomments&post=135471"}],"version-history":[{"count":0,"href":"https:\/\/diarioregionaldigital.com.br\/index.php?rest_route=\/wp\/v2\/posts\/135471\/revisions"}],"wp:featuredmedia":[{"embeddable":true,"href":"https:\/\/diarioregionaldigital.com.br\/index.php?rest_route=\/wp\/v2\/media\/134157"}],"wp:attachment":[{"href":"https:\/\/diarioregionaldigital.com.br\/index.php?rest_route=%2Fwp%2Fv2%2Fmedia&parent=135471"}],"wp:term":[{"taxonomy":"category","embeddable":true,"href":"https:\/\/diarioregionaldigital.com.br\/index.php?rest_route=%2Fwp%2Fv2%2Fcategories&post=135471"},{"taxonomy":"post_tag","embeddable":true,"href":"https:\/\/diarioregionaldigital.com.br\/index.php?rest_route=%2Fwp%2Fv2%2Ftags&post=135471"}],"curies":[{"name":"wp","href":"https:\/\/api.w.org\/{rel}","templated":true}]}}