{"id":135470,"date":"2019-03-09T07:51:44","date_gmt":"2019-03-09T10:51:44","guid":{"rendered":"https:\/\/diarioregionaldigital.com.br\/?p=135470"},"modified":"2019-03-09T07:51:44","modified_gmt":"2019-03-09T10:51:44","slug":"caixa-aumenta-valor-de-imoveis-financiados-pelo-minha-casa-minha-vida","status":"publish","type":"post","link":"https:\/\/diarioregionaldigital.com.br\/?p=135470","title":{"rendered":"Caixa aumenta valor de im\u00f3veis financiados pelo Minha Casa Minha Vida"},"content":{"rendered":"<p>As fam\u00edlias de baixa renda de cidades de at\u00e9 50 mil habitantes\u00a0<span id=\"OBJ_PREFIX_DWT1492_com_zimbra_date\" role=\"link\"><span id=\"OBJ_PREFIX_DWT1495_com_zimbra_date\" role=\"link\">ter<\/span><\/span>\u00e3o acesso a mais financiamentos do Minha Casa\u00a0Minha Vida (MCMV). O banco aumentou o valor de im\u00f3veis financiados para as faixas 2 e 3 do programa habitacional. Paralelamente, a institui\u00e7\u00e3o elevou o valor do subs\u00eddio para a faixa 2 em cidades de at\u00e9 20 mil habitantes.<\/p>\n<p>O teto de im\u00f3veis para as faixas 2 e 3 do MCMV foi ampliado. Para as cidades de 20 mil a 50 mil habitantes, o valor m\u00e1ximo do im\u00f3vel a ser financiado passou de R$ 110 mil para R$ 145 mil no Distrito Federal, no Rio<span id=\"OBJ_PREFIX_DWT1493_com_zimbra_date\" role=\"link\">\u00a0de Janeiro<\/span>\u00a0e em S\u00e3o Paulo; de R$ 105 mil para R$ 140 mil no Sul, no Esp\u00edrito Santo e em Minas Gerais; de R$ 105 mil para R$ 135 mil em Goi\u00e1s, Mato Grosso e Mato Grosso do Sul; e de R$ 100 mil para R$ 130 mil no Norte e no Nordeste.<\/p>\n<p>Nas cidades com menos de 20 mil habitantes, o teto do financiamento passou de R$ 95 mil em todas as regi\u00f5es para os mesmos valores (escalonados por regi\u00f5es) dos munic\u00edpios com at\u00e9 50 mil moradores.<\/p>\n<p>O banco tamb\u00e9m aumentou o valor do subs\u00eddio para financiamentos da faixa 2 em cidades de at\u00e9 20 mil habitantes. O subs\u00eddio passou de R$ 10.545 para R$ 11,6 mil para os mutu\u00e1rios com renda familiar bruta de at\u00e9 R$ 1,8 mil.<\/p>\n<p>Para as cidades de 20 mil a 50 mil habitantes, o valor do subs\u00eddio na faixa 2 n\u00e3o mudou, podendo chegar a R$ 29 mil, dependendo da regi\u00e3o do im\u00f3vel. Os subs\u00eddios para a faixa 1,5 do Minha Casa\u00a0Minha Vida tamb\u00e9m n\u00e3o sofreram altera\u00e7\u00e3o, com valor m\u00e1ximo de R$ 47,5 mil para fam\u00edlias que ganhem at\u00e9 R$ 1,2 mil.<\/p>\n<p>As novas regras foram publicadas\u00a0<span id=\"OBJ_PREFIX_DWT1494_com_zimbra_date\" role=\"link\"><span id=\"OBJ_PREFIX_DWT1496_com_zimbra_date\" role=\"link\">hoje<\/span><\/span>\u00a0em instru\u00e7\u00e3o normativa do Minist\u00e9rio do Desenvolvimento Regional. Em nota, a Caixa Econ\u00f4mica Federal informou que as novas condi\u00e7\u00f5es permitir\u00e3o ao banco consumir todo o or\u00e7amento dispon\u00edvel para este ano no financiamento de moradias para a popula\u00e7\u00e3o de baixa renda.<\/p>\n<p>\u201cCom essas novas condi\u00e7\u00f5es, a Caixa est\u00e1 com capacidade plena para atender a demanda por moradia no mercado imobili\u00e1rio e aplicar todo o or\u00e7amento dispon\u00edvel para 2019, promovendo o aquecimento da economia, gerando empregos e rendas, al\u00e9m de contribuir para a redu\u00e7\u00e3o do d\u00e9ficit habitacional do pa\u00eds\u201d, destacou o banco no comunicado.<\/p>\n<p>Fonte: Ag\u00eancia Brasil<\/p>\n","protected":false},"excerpt":{"rendered":"<p>As fam\u00edlias de baixa renda de cidades de at\u00e9 50 mil habitantes\u00a0ter\u00e3o acesso a mais financiamentos do Minha Casa\u00a0Minha Vida (MCMV). O banco aumentou o valor de im\u00f3veis financiados para as faixas 2 e 3 do programa habitacional. Paralelamente, a institui\u00e7\u00e3o elevou o valor do subs\u00eddio para a faixa 2 em cidades de at\u00e9 20 [&hellip;]<\/p>\n","protected":false},"author":96,"featured_media":135472,"comment_status":"closed","ping_status":"closed","sticky":false,"template":"","format":"standard","meta":{"footnotes":""},"categories":[436,261,439],"tags":[],"class_list":["post-135470","post","type-post","status-publish","format-standard","has-post-thumbnail","hentry","category-destaque-da-semana","category-economia","category-ultima-hora"],"_links":{"self":[{"href":"https:\/\/diarioregionaldigital.com.br\/index.php?rest_route=\/wp\/v2\/posts\/135470","targetHints":{"allow":["GET"]}}],"collection":[{"href":"https:\/\/diarioregionaldigital.com.br\/index.php?rest_route=\/wp\/v2\/posts"}],"about":[{"href":"https:\/\/diarioregionaldigital.com.br\/index.php?rest_route=\/wp\/v2\/types\/post"}],"author":[{"embeddable":true,"href":"https:\/\/diarioregionaldigital.com.br\/index.php?rest_route=\/wp\/v2\/users\/96"}],"replies":[{"embeddable":true,"href":"https:\/\/diarioregionaldigital.com.br\/index.php?rest_route=%2Fwp%2Fv2%2Fcomments&post=135470"}],"version-history":[{"count":0,"href":"https:\/\/diarioregionaldigital.com.br\/index.php?rest_route=\/wp\/v2\/posts\/135470\/revisions"}],"wp:featuredmedia":[{"embeddable":true,"href":"https:\/\/diarioregionaldigital.com.br\/index.php?rest_route=\/wp\/v2\/media\/135472"}],"wp:attachment":[{"href":"https:\/\/diarioregionaldigital.com.br\/index.php?rest_route=%2Fwp%2Fv2%2Fmedia&parent=135470"}],"wp:term":[{"taxonomy":"category","embeddable":true,"href":"https:\/\/diarioregionaldigital.com.br\/index.php?rest_route=%2Fwp%2Fv2%2Fcategories&post=135470"},{"taxonomy":"post_tag","embeddable":true,"href":"https:\/\/diarioregionaldigital.com.br\/index.php?rest_route=%2Fwp%2Fv2%2Ftags&post=135470"}],"curies":[{"name":"wp","href":"https:\/\/api.w.org\/{rel}","templated":true}]}}