{"id":135463,"date":"2019-03-08T15:35:57","date_gmt":"2019-03-08T18:35:57","guid":{"rendered":"https:\/\/diarioregionaldigital.com.br\/?p=135463"},"modified":"2019-03-08T15:35:57","modified_gmt":"2019-03-08T18:35:57","slug":"maia-defende-que-bpc-fique-fora-da-reforma-da-previdencia","status":"publish","type":"post","link":"https:\/\/diarioregionaldigital.com.br\/?p=135463","title":{"rendered":"Maia defende que BPC fique fora da reforma da Previd\u00eancia"},"content":{"rendered":"<p>O presidente da C\u00e2mara, Rodrigo Maia (DEM-RJ), defendeu nesta sexta-feira, 8, que mudan\u00e7as no Benef\u00edcio de Presta\u00e7\u00e3o Continuada (BPC) fiquem fora da proposta da Reforma da Previd\u00eancia (PEC 6\/2019 ) . \u201cA gente tem que tomar cuidado para n\u00e3o incluir algo que, do ponto de vista fiscal, \u00e9 nulo e do ponto de vista pol\u00edtico pode ser mortal para a reforma\u201d, afirmou.<\/p>\n<p>Segundo Maia, \u00e0 primeira vista, a f\u00f3rmula do BPC, enviada pela equipe econ\u00f4mica ao Congresso, \u201cparece uma proposta razo\u00e1vel, interessante, s\u00f3 que n\u00e3o \u00e9 isso que a sociedade que est\u00e1 interpretando\u201d. \u201cAcho que tudo que gera dificuldade na comunica\u00e7\u00e3o \u00e9 melhor que n\u00e3o seja tratado\u201d, argumentou. O BPC \u00e9 pago a pessoas com defici\u00eancia e idosos que n\u00e3o t\u00eam condi\u00e7\u00f5es de se manter.<\/p>\n<p>Rodrigo Maia lembrou ainda que esse \u00e9 um ponto que t\u00eam incomodado bastante parlamentares de todos os partidos da Casa. Ele ressaltou que a \u201cfalta de compreens\u00e3o\u201d est\u00e1 gerando uma oportunidade de aqueles que v\u00e3o ser de fato atingidos pela reforma da Previd\u00eancia usarem o BPC para dizer que a proposta prejudica a popula\u00e7\u00e3o mais pobre. Isso, afirmou, n\u00e3o \u00e9 verdade.<\/p>\n<h2>Militares<\/h2>\n<p>Sobre o projeto de lei que deve ser enviado nos pr\u00f3ximos dias ao Congresso com novas regras para a previd\u00eancia dos miliares, o presidente da C\u00e2mara reafirmou o compromisso feito com o ministro da Defesa, general Fernando Azevedo e Silva.<\/p>\n<p>\u201c<span id=\"OBJ_PREFIX_DWT605_com_zimbra_date\" role=\"link\">Ontem<\/span>\u00a0recebi o ministro da Defesa e disse a ele que os miliares podem\u00a0<span id=\"OBJ_PREFIX_DWT606_com_zimbra_date\" role=\"link\">ter<\/span>\u00a0toda tranquilidade que o projeto deles ser\u00e1 votado apenas depois da emenda constitucional [da reforma da Previd\u00eancia] ser aprovada em dois turnos e encaminhada ao Senado Federal\u201d, disse Maia, acrescentando que a ideia \u00e9 que as duas propostas tramitem conjuntamente.<\/p>\n<p>Segundo Maia, o encaminhamento da proposta dos militares pelo governo \u00e9 fundamental para dar garantia a alguns partidos e para que haja mais conforto na tramita\u00e7\u00e3o das duas mat\u00e9rias.<\/p>\n<p>Maia disse que, na pr\u00f3xima\u00a0<span id=\"OBJ_PREFIX_DWT607_com_zimbra_date\" role=\"link\">quarta<\/span>-feira, 13, \u00a0pretende instalar, pelo menos, as 12 principais comiss\u00f5es permanentes da Casa, inclusive a de Constitui\u00e7\u00e3o e Justi\u00e7a &#8211; a primeira a debater a reforma da Previd\u00eancia, que em seguida passar\u00e1 por uma comiss\u00e3o especial e por dois turnos de vota\u00e7\u00e3o no plen\u00e1rio.<\/p>\n<p>&nbsp;<\/p>\n<p>Fonte: Ag\u00eancia Brasil<\/p>\n","protected":false},"excerpt":{"rendered":"<p>O presidente da C\u00e2mara, Rodrigo Maia (DEM-RJ), defendeu nesta sexta-feira, 8, que mudan\u00e7as no Benef\u00edcio de Presta\u00e7\u00e3o Continuada (BPC) fiquem fora da proposta da Reforma da Previd\u00eancia (PEC 6\/2019 ) . \u201cA gente tem que tomar cuidado para n\u00e3o incluir algo que, do ponto de vista fiscal, \u00e9 nulo e do ponto de vista pol\u00edtico [&hellip;]<\/p>\n","protected":false},"author":96,"featured_media":135464,"comment_status":"closed","ping_status":"closed","sticky":false,"template":"","format":"standard","meta":{"footnotes":""},"categories":[436,262,254,439],"tags":[],"class_list":["post-135463","post","type-post","status-publish","format-standard","has-post-thumbnail","hentry","category-destaque-da-semana","category-noticias","category-politica","category-ultima-hora"],"_links":{"self":[{"href":"https:\/\/diarioregionaldigital.com.br\/index.php?rest_route=\/wp\/v2\/posts\/135463","targetHints":{"allow":["GET"]}}],"collection":[{"href":"https:\/\/diarioregionaldigital.com.br\/index.php?rest_route=\/wp\/v2\/posts"}],"about":[{"href":"https:\/\/diarioregionaldigital.com.br\/index.php?rest_route=\/wp\/v2\/types\/post"}],"author":[{"embeddable":true,"href":"https:\/\/diarioregionaldigital.com.br\/index.php?rest_route=\/wp\/v2\/users\/96"}],"replies":[{"embeddable":true,"href":"https:\/\/diarioregionaldigital.com.br\/index.php?rest_route=%2Fwp%2Fv2%2Fcomments&post=135463"}],"version-history":[{"count":0,"href":"https:\/\/diarioregionaldigital.com.br\/index.php?rest_route=\/wp\/v2\/posts\/135463\/revisions"}],"wp:featuredmedia":[{"embeddable":true,"href":"https:\/\/diarioregionaldigital.com.br\/index.php?rest_route=\/wp\/v2\/media\/135464"}],"wp:attachment":[{"href":"https:\/\/diarioregionaldigital.com.br\/index.php?rest_route=%2Fwp%2Fv2%2Fmedia&parent=135463"}],"wp:term":[{"taxonomy":"category","embeddable":true,"href":"https:\/\/diarioregionaldigital.com.br\/index.php?rest_route=%2Fwp%2Fv2%2Fcategories&post=135463"},{"taxonomy":"post_tag","embeddable":true,"href":"https:\/\/diarioregionaldigital.com.br\/index.php?rest_route=%2Fwp%2Fv2%2Ftags&post=135463"}],"curies":[{"name":"wp","href":"https:\/\/api.w.org\/{rel}","templated":true}]}}