{"id":135460,"date":"2019-03-08T15:11:05","date_gmt":"2019-03-08T18:11:05","guid":{"rendered":"https:\/\/diarioregionaldigital.com.br\/?p=135460"},"modified":"2019-03-08T15:11:05","modified_gmt":"2019-03-08T18:11:05","slug":"preco-da-cesta-basica-regional-registra-aumento-de-344","status":"publish","type":"post","link":"https:\/\/diarioregionaldigital.com.br\/?p=135460","title":{"rendered":"Pre\u00e7o da cesta b\u00e1sica regional registra aumento de 3,44%"},"content":{"rendered":"<p>O pre\u00e7o da cesta b\u00e1sica regional registrou aumento de 3,44%, custando agora R$323,57. Essa informa\u00e7\u00e3o foi divulgada na pesquisa semanal realizada pela Secretaria de Agropecu\u00e1ria e Abastecimento (SAA) da Prefeitura de Juiz de Fora (PJF).<\/p>\n<p>O valor atual representa 35,24% do sal\u00e1rio m\u00ednimo, ou o equivalente \u00e0 quantia obtida em 11 dias de trabalho. Na mesma pesquisa foi divulgado que os alimentos com os maiores aumentos de pre\u00e7o foram a farinha de mandioca (40,43%), alho (37,75%) e manteiga comum (23,86%). J\u00e1 as maiores quedas foram no tomate (-27,64%), ovo branco (-25,32%) e folhosos (-15,87%).<\/p>\n<p><strong>Cesta b\u00e1sica nacional<\/strong><\/p>\n<p>Ainda conforme a pesquisa, pre\u00e7o da cesta b\u00e1sica nacional tamb\u00e9m registrou aumento. Os dados apontam 2,45%, custando agora agora R$ 327,97. Em rela\u00e7\u00e3o \u00e0 pesquisa anterior, est\u00e1 R$ 7,85 mais cara.<\/p>\n<p>Os maiores aumentos de pre\u00e7o foram na manteiga comum (23,89%), banana-prata (21,30%) e leite tipo C (13,60%). As miores quedas de pre\u00e7o foram, novamente, o tomate (-27,64%), farinha de trigo especial (-8,88%) e feij\u00e3o-preto (-3,06%).<\/p>\n","protected":false},"excerpt":{"rendered":"<p>O pre\u00e7o da cesta b\u00e1sica regional registrou aumento de 3,44%, custando agora R$323,57. Essa informa\u00e7\u00e3o foi divulgada na pesquisa semanal realizada pela Secretaria de Agropecu\u00e1ria e Abastecimento (SAA) da Prefeitura de Juiz de Fora (PJF). O valor atual representa 35,24% do sal\u00e1rio m\u00ednimo, ou o equivalente \u00e0 quantia obtida em 11 dias de trabalho. Na [&hellip;]<\/p>\n","protected":false},"author":96,"featured_media":135461,"comment_status":"closed","ping_status":"closed","sticky":false,"template":"","format":"standard","meta":{"footnotes":""},"categories":[436,440,261,439],"tags":[],"class_list":["post-135460","post","type-post","status-publish","format-standard","has-post-thumbnail","hentry","category-destaque-da-semana","category-destaques-do-dia","category-economia","category-ultima-hora"],"_links":{"self":[{"href":"https:\/\/diarioregionaldigital.com.br\/index.php?rest_route=\/wp\/v2\/posts\/135460","targetHints":{"allow":["GET"]}}],"collection":[{"href":"https:\/\/diarioregionaldigital.com.br\/index.php?rest_route=\/wp\/v2\/posts"}],"about":[{"href":"https:\/\/diarioregionaldigital.com.br\/index.php?rest_route=\/wp\/v2\/types\/post"}],"author":[{"embeddable":true,"href":"https:\/\/diarioregionaldigital.com.br\/index.php?rest_route=\/wp\/v2\/users\/96"}],"replies":[{"embeddable":true,"href":"https:\/\/diarioregionaldigital.com.br\/index.php?rest_route=%2Fwp%2Fv2%2Fcomments&post=135460"}],"version-history":[{"count":0,"href":"https:\/\/diarioregionaldigital.com.br\/index.php?rest_route=\/wp\/v2\/posts\/135460\/revisions"}],"wp:featuredmedia":[{"embeddable":true,"href":"https:\/\/diarioregionaldigital.com.br\/index.php?rest_route=\/wp\/v2\/media\/135461"}],"wp:attachment":[{"href":"https:\/\/diarioregionaldigital.com.br\/index.php?rest_route=%2Fwp%2Fv2%2Fmedia&parent=135460"}],"wp:term":[{"taxonomy":"category","embeddable":true,"href":"https:\/\/diarioregionaldigital.com.br\/index.php?rest_route=%2Fwp%2Fv2%2Fcategories&post=135460"},{"taxonomy":"post_tag","embeddable":true,"href":"https:\/\/diarioregionaldigital.com.br\/index.php?rest_route=%2Fwp%2Fv2%2Ftags&post=135460"}],"curies":[{"name":"wp","href":"https:\/\/api.w.org\/{rel}","templated":true}]}}