{"id":135458,"date":"2019-03-08T14:59:54","date_gmt":"2019-03-08T17:59:54","guid":{"rendered":"https:\/\/diarioregionaldigital.com.br\/?p=135458"},"modified":"2019-03-08T14:59:54","modified_gmt":"2019-03-08T17:59:54","slug":"igp-di-registra-inflacao-de-125-em-fevereiro","status":"publish","type":"post","link":"https:\/\/diarioregionaldigital.com.br\/?p=135458","title":{"rendered":"IGP-DI registra infla\u00e7\u00e3o de 1,25% em fevereiro"},"content":{"rendered":"<p>O \u00cdndice Geral de Pre\u00e7os \u2013 Disponibilidade Interna (IGP-DI), medido pela Funda\u00e7\u00e3o Getulio Vargas (FGV), registrou taxa de 1,25% em fevereiro deste ano. O \u00edndice \u00e9 superior ao observadas em janeiro deste ano (0,07%) e em fevereiro de 2018 (0,15%). Com a alta, o IGP-DI acumula taxa de 1,32% no ano e de 7,73% em 12 meses.<\/p>\n<p>A alta foi puxada pelos pre\u00e7os no atacado. O \u00cdndice de Pre\u00e7os ao Produtor Amplo registrou taxa de infla\u00e7\u00e3o de 1,79% em fevereiro. Em janeiro, o sub\u00edndice havia registrado defla\u00e7\u00e3o (queda de pre\u00e7os) de 0,19%.<\/p>\n<p>Por outro lado, o varejo e a constru\u00e7\u00e3o tiveram queda na infla\u00e7\u00e3o. O \u00cdndice de Pre\u00e7os ao Consumidor, que mede o varejo, caiu de 0,57% em janeiro para 0,35% em fevereiro. O \u00cdndice Nacional de Custo da Constru\u00e7\u00e3o caiu de 0,49% para 0,09% em fevereiro.<\/p>\n<p>&nbsp;<\/p>\n<p>Fonte: Ag\u00eancia Brasil<\/p>\n","protected":false},"excerpt":{"rendered":"<p>O \u00cdndice Geral de Pre\u00e7os \u2013 Disponibilidade Interna (IGP-DI), medido pela Funda\u00e7\u00e3o Getulio Vargas (FGV), registrou taxa de 1,25% em fevereiro deste ano. O \u00edndice \u00e9 superior ao observadas em janeiro deste ano (0,07%) e em fevereiro de 2018 (0,15%). Com a alta, o IGP-DI acumula taxa de 1,32% no ano e de 7,73% em [&hellip;]<\/p>\n","protected":false},"author":96,"featured_media":129440,"comment_status":"closed","ping_status":"closed","sticky":false,"template":"","format":"standard","meta":{"footnotes":""},"categories":[436,261,262,439],"tags":[],"class_list":["post-135458","post","type-post","status-publish","format-standard","has-post-thumbnail","hentry","category-destaque-da-semana","category-economia","category-noticias","category-ultima-hora"],"_links":{"self":[{"href":"https:\/\/diarioregionaldigital.com.br\/index.php?rest_route=\/wp\/v2\/posts\/135458","targetHints":{"allow":["GET"]}}],"collection":[{"href":"https:\/\/diarioregionaldigital.com.br\/index.php?rest_route=\/wp\/v2\/posts"}],"about":[{"href":"https:\/\/diarioregionaldigital.com.br\/index.php?rest_route=\/wp\/v2\/types\/post"}],"author":[{"embeddable":true,"href":"https:\/\/diarioregionaldigital.com.br\/index.php?rest_route=\/wp\/v2\/users\/96"}],"replies":[{"embeddable":true,"href":"https:\/\/diarioregionaldigital.com.br\/index.php?rest_route=%2Fwp%2Fv2%2Fcomments&post=135458"}],"version-history":[{"count":0,"href":"https:\/\/diarioregionaldigital.com.br\/index.php?rest_route=\/wp\/v2\/posts\/135458\/revisions"}],"wp:featuredmedia":[{"embeddable":true,"href":"https:\/\/diarioregionaldigital.com.br\/index.php?rest_route=\/wp\/v2\/media\/129440"}],"wp:attachment":[{"href":"https:\/\/diarioregionaldigital.com.br\/index.php?rest_route=%2Fwp%2Fv2%2Fmedia&parent=135458"}],"wp:term":[{"taxonomy":"category","embeddable":true,"href":"https:\/\/diarioregionaldigital.com.br\/index.php?rest_route=%2Fwp%2Fv2%2Fcategories&post=135458"},{"taxonomy":"post_tag","embeddable":true,"href":"https:\/\/diarioregionaldigital.com.br\/index.php?rest_route=%2Fwp%2Fv2%2Ftags&post=135458"}],"curies":[{"name":"wp","href":"https:\/\/api.w.org\/{rel}","templated":true}]}}