{"id":135455,"date":"2019-03-08T14:54:34","date_gmt":"2019-03-08T17:54:34","guid":{"rendered":"https:\/\/diarioregionaldigital.com.br\/?p=135455"},"modified":"2019-03-08T14:54:34","modified_gmt":"2019-03-08T17:54:34","slug":"parque-do-museu-mariano-procopio-tem-aula-de-ioga-e-roda-de-capoeira-no-domingo","status":"publish","type":"post","link":"https:\/\/diarioregionaldigital.com.br\/?p=135455","title":{"rendered":"Parque do Museu \u201cMariano Proc\u00f3pio\u201d tem aula de ioga e roda de capoeira no domingo"},"content":{"rendered":"<p>No domingo, 10, o Parque do Museu \u201cMariano Proc\u00f3pio\u201d ter\u00e1 duas atividades abertas ao p\u00fablico. A partir das 9h30 ser\u00e3o realizadas, simultaneamente, aula de ioga e roda de capoeira, com participa\u00e7\u00e3o de coletivos da cidade e regi\u00e3o.<\/p>\n<p>O encontro \u201cCaf\u00e9 com Capoeira\u201d, promovido pelo coletivo \u201cDe Dandara \u00e0s Marias\u201d, reunir\u00e1 capoeiristas para atividades de musicaliza\u00e7\u00e3o, roda e piquenique. A iniciativa \u00e9 homenagem ao \u201cDia Internacional da Mulher\u201d, a ser celebrado nesta sexta-feira, 8. Os interessados em participar podem trazer algo para o momento de confraterniza\u00e7\u00e3o. Caso chova, o evento ser\u00e1 transferido para o Centro Cultural \u201cDnar Rocha\u201d, em frente \u00e0 portaria do parque.<\/p>\n<p>A aula de ioga, promovida pela professora Mariana Mendes, chega \u00e0 segunda edi\u00e7\u00e3o. No primeiro encontro, realizado em fevereiro, mais de 60 pessoas participaram da atividade realizada no gramado do \u201cJardim Sim\u00e9trico\u201d. No pr\u00f3ximo domingo, basta chegar no hor\u00e1rio e, se poss\u00edvel, levar esteira ou algum tecido para ser utilizado durante a atividade. Em caso de chuva, o evento ser\u00e1 remarcado.<\/p>\n<p>Para os interessados em promover esse tipo de encontro, como aulas abertas ao p\u00fablico, \u00e9 necess\u00e1rio o contato com a institui\u00e7\u00e3o, atrav\u00e9s do telefone 3690-2027, pelo e-mail maprocultural@pjf.mg.gov.br.<\/p>\n<p>&nbsp;<\/p>\n<p>Fonte: PJF<\/p>\n<p>&nbsp;<\/p>\n<p>&nbsp;<\/p>\n","protected":false},"excerpt":{"rendered":"<p>No domingo, 10, o Parque do Museu \u201cMariano Proc\u00f3pio\u201d ter\u00e1 duas atividades abertas ao p\u00fablico. A partir das 9h30 ser\u00e3o realizadas, simultaneamente, aula de ioga e roda de capoeira, com participa\u00e7\u00e3o de coletivos da cidade e regi\u00e3o. O encontro \u201cCaf\u00e9 com Capoeira\u201d, promovido pelo coletivo \u201cDe Dandara \u00e0s Marias\u201d, reunir\u00e1 capoeiristas para atividades de musicaliza\u00e7\u00e3o, [&hellip;]<\/p>\n","protected":false},"author":96,"featured_media":135456,"comment_status":"closed","ping_status":"closed","sticky":false,"template":"","format":"standard","meta":{"footnotes":""},"categories":[253,436,262,439],"tags":[],"class_list":["post-135455","post","type-post","status-publish","format-standard","has-post-thumbnail","hentry","category-cidade","category-destaque-da-semana","category-noticias","category-ultima-hora"],"_links":{"self":[{"href":"https:\/\/diarioregionaldigital.com.br\/index.php?rest_route=\/wp\/v2\/posts\/135455","targetHints":{"allow":["GET"]}}],"collection":[{"href":"https:\/\/diarioregionaldigital.com.br\/index.php?rest_route=\/wp\/v2\/posts"}],"about":[{"href":"https:\/\/diarioregionaldigital.com.br\/index.php?rest_route=\/wp\/v2\/types\/post"}],"author":[{"embeddable":true,"href":"https:\/\/diarioregionaldigital.com.br\/index.php?rest_route=\/wp\/v2\/users\/96"}],"replies":[{"embeddable":true,"href":"https:\/\/diarioregionaldigital.com.br\/index.php?rest_route=%2Fwp%2Fv2%2Fcomments&post=135455"}],"version-history":[{"count":0,"href":"https:\/\/diarioregionaldigital.com.br\/index.php?rest_route=\/wp\/v2\/posts\/135455\/revisions"}],"wp:featuredmedia":[{"embeddable":true,"href":"https:\/\/diarioregionaldigital.com.br\/index.php?rest_route=\/wp\/v2\/media\/135456"}],"wp:attachment":[{"href":"https:\/\/diarioregionaldigital.com.br\/index.php?rest_route=%2Fwp%2Fv2%2Fmedia&parent=135455"}],"wp:term":[{"taxonomy":"category","embeddable":true,"href":"https:\/\/diarioregionaldigital.com.br\/index.php?rest_route=%2Fwp%2Fv2%2Fcategories&post=135455"},{"taxonomy":"post_tag","embeddable":true,"href":"https:\/\/diarioregionaldigital.com.br\/index.php?rest_route=%2Fwp%2Fv2%2Ftags&post=135455"}],"curies":[{"name":"wp","href":"https:\/\/api.w.org\/{rel}","templated":true}]}}