{"id":135452,"date":"2019-03-08T14:40:35","date_gmt":"2019-03-08T17:40:35","guid":{"rendered":"https:\/\/diarioregionaldigital.com.br\/?p=135452"},"modified":"2019-03-08T14:40:35","modified_gmt":"2019-03-08T17:40:35","slug":"cai-numero-de-mortes-por-avc-entre-mulheres-de-30-e-69-anos-no-pais","status":"publish","type":"post","link":"https:\/\/diarioregionaldigital.com.br\/?p=135452","title":{"rendered":"Cai n\u00famero de mortes por AVC entre mulheres de 30 e 69 anos no pa\u00eds"},"content":{"rendered":"<p>O Acidente Vascular Cerebral (AVC) e as doen\u00e7as card\u00edacas est\u00e3o matando menos as mulheres com idade entre 30 e 69 anos no pa\u00eds. Estudo do Minist\u00e9rio da Sa\u00fade mostra que no per\u00edodo de 2010 a 2016 a taxa de \u00f3bitos por AVC caiu 11% e por doen\u00e7as card\u00edacas 6,2%.<\/p>\n<p>Os dados do estudo Sa\u00fade Brasil 2018, divulgados nesta sexta-feira, 8, registra que o \u00edndice para AVC caiu de 39,5 para 35,2 \u00f3bitos por 100 mil habitantes do sexo feminino. As doen\u00e7as card\u00edacas apresentaram queda de 55 para 51,6 \u00f3bitos por 100 mil.<\/p>\n<p>Apesar da queda, as duas doen\u00e7as continuam sendo as que mais matam a popula\u00e7\u00e3o feminina entre 30 e 69 anos. As doen\u00e7as card\u00edacas e o AVC s\u00e3o classificadas como doen\u00e7as cr\u00f4nicas n\u00e3o-transmiss\u00edveis, sendo preven\u00edveis. Esse grupo tem quatro fatores de risco em comum que s\u00e3o o tabagismo, a atividade f\u00edsica insuficiente, o uso nocivo do \u00e1lcool e a falta de alimenta\u00e7\u00e3o saud\u00e1vel.<\/p>\n<p>No Brasil, as doen\u00e7as cr\u00f4nicas n\u00e3o-transmiss\u00edveis corresponderam a 54% de todas as mortes, no ano de 2016. Na faixa et\u00e1ria de 30 a 69 anos, representaram 56,1% dos \u00f3bitos. O Minist\u00e9rio da Sa\u00fade tem um plano de a\u00e7\u00f5es estrat\u00e9gicas para o enfrentamento dessas doen\u00e7as. O plano tem como uma das principais a\u00e7\u00f5es a expans\u00e3o da Aten\u00e7\u00e3o B\u00e1sica.<\/p>\n<p>&nbsp;<\/p>\n<p>Fonte: Ag\u00eancia Brasil<\/p>\n","protected":false},"excerpt":{"rendered":"<p>O Acidente Vascular Cerebral (AVC) e as doen\u00e7as card\u00edacas est\u00e3o matando menos as mulheres com idade entre 30 e 69 anos no pa\u00eds. Estudo do Minist\u00e9rio da Sa\u00fade mostra que no per\u00edodo de 2010 a 2016 a taxa de \u00f3bitos por AVC caiu 11% e por doen\u00e7as card\u00edacas 6,2%. Os dados do estudo Sa\u00fade Brasil [&hellip;]<\/p>\n","protected":false},"author":96,"featured_media":135453,"comment_status":"closed","ping_status":"closed","sticky":false,"template":"","format":"standard","meta":{"footnotes":""},"categories":[302,436,262,439],"tags":[],"class_list":["post-135452","post","type-post","status-publish","format-standard","has-post-thumbnail","hentry","category-brasil-mundo","category-destaque-da-semana","category-noticias","category-ultima-hora"],"_links":{"self":[{"href":"https:\/\/diarioregionaldigital.com.br\/index.php?rest_route=\/wp\/v2\/posts\/135452","targetHints":{"allow":["GET"]}}],"collection":[{"href":"https:\/\/diarioregionaldigital.com.br\/index.php?rest_route=\/wp\/v2\/posts"}],"about":[{"href":"https:\/\/diarioregionaldigital.com.br\/index.php?rest_route=\/wp\/v2\/types\/post"}],"author":[{"embeddable":true,"href":"https:\/\/diarioregionaldigital.com.br\/index.php?rest_route=\/wp\/v2\/users\/96"}],"replies":[{"embeddable":true,"href":"https:\/\/diarioregionaldigital.com.br\/index.php?rest_route=%2Fwp%2Fv2%2Fcomments&post=135452"}],"version-history":[{"count":0,"href":"https:\/\/diarioregionaldigital.com.br\/index.php?rest_route=\/wp\/v2\/posts\/135452\/revisions"}],"wp:featuredmedia":[{"embeddable":true,"href":"https:\/\/diarioregionaldigital.com.br\/index.php?rest_route=\/wp\/v2\/media\/135453"}],"wp:attachment":[{"href":"https:\/\/diarioregionaldigital.com.br\/index.php?rest_route=%2Fwp%2Fv2%2Fmedia&parent=135452"}],"wp:term":[{"taxonomy":"category","embeddable":true,"href":"https:\/\/diarioregionaldigital.com.br\/index.php?rest_route=%2Fwp%2Fv2%2Fcategories&post=135452"},{"taxonomy":"post_tag","embeddable":true,"href":"https:\/\/diarioregionaldigital.com.br\/index.php?rest_route=%2Fwp%2Fv2%2Ftags&post=135452"}],"curies":[{"name":"wp","href":"https:\/\/api.w.org\/{rel}","templated":true}]}}