{"id":135437,"date":"2019-03-08T14:09:54","date_gmt":"2019-03-08T17:09:54","guid":{"rendered":"https:\/\/diarioregionaldigital.com.br\/?p=135437"},"modified":"2019-03-08T14:09:54","modified_gmt":"2019-03-08T17:09:54","slug":"onu-tera-proporcao-igual-de-funcionarios-homens-e-mulheres-em-10-anos","status":"publish","type":"post","link":"https:\/\/diarioregionaldigital.com.br\/?p=135437","title":{"rendered":"ONU ter\u00e1 propor\u00e7\u00e3o igual de funcion\u00e1rios homens e mulheres em 10 anos"},"content":{"rendered":"<p>Em mensagem pelo Dia Internacional da Mulher, o secret\u00e1rio-geral da ONU, Ant\u00f3nio Guterres, prometeu que a propor\u00e7\u00e3o de funcion\u00e1rios homens e mulheres ser\u00e1 igual em uma d\u00e9cada dentro da organiza\u00e7\u00e3o.<\/p>\n<p>As Na\u00e7\u00f5es Unidas designam o dia 8 de mar\u00e7o como uma data para promover a igualdade de g\u00eanero e direitos das mulheres. Guterres afirmou que o empoderamento das mulheres \u00e9 essencial ao progresso global.<\/p>\n<p>Desde 2017, Guterres vem indicando mulheres para posi\u00e7\u00f5es importantes dentro da organiza\u00e7\u00e3o, incluindo as japonesas Izumi Nakamitsu, como subsecret\u00e1ria-geral encarregada de Desarmamento, e Mami Mizutori, como representante especial para redu\u00e7\u00e3o de riscos de desastres.<\/p>\n<p>A ONU conseguiu, em 2018, equilibrar a propor\u00e7\u00e3o de homens e mulheres em cargos importantes. Contudo, em rela\u00e7\u00e3o a organiza\u00e7\u00f5es em todo o mundo, o n\u00famero de mulheres corresponde a 39% para todas as posi\u00e7\u00f5es.<\/p>\n","protected":false},"excerpt":{"rendered":"<p>Em mensagem pelo Dia Internacional da Mulher, o secret\u00e1rio-geral da ONU, Ant\u00f3nio Guterres, prometeu que a propor\u00e7\u00e3o de funcion\u00e1rios homens e mulheres ser\u00e1 igual em uma d\u00e9cada dentro da organiza\u00e7\u00e3o. As Na\u00e7\u00f5es Unidas designam o dia 8 de mar\u00e7o como uma data para promover a igualdade de g\u00eanero e direitos das mulheres. Guterres afirmou que [&hellip;]<\/p>\n","protected":false},"author":96,"featured_media":135438,"comment_status":"closed","ping_status":"closed","sticky":false,"template":"","format":"standard","meta":{"footnotes":""},"categories":[302,436,262,439],"tags":[],"class_list":["post-135437","post","type-post","status-publish","format-standard","has-post-thumbnail","hentry","category-brasil-mundo","category-destaque-da-semana","category-noticias","category-ultima-hora"],"_links":{"self":[{"href":"https:\/\/diarioregionaldigital.com.br\/index.php?rest_route=\/wp\/v2\/posts\/135437","targetHints":{"allow":["GET"]}}],"collection":[{"href":"https:\/\/diarioregionaldigital.com.br\/index.php?rest_route=\/wp\/v2\/posts"}],"about":[{"href":"https:\/\/diarioregionaldigital.com.br\/index.php?rest_route=\/wp\/v2\/types\/post"}],"author":[{"embeddable":true,"href":"https:\/\/diarioregionaldigital.com.br\/index.php?rest_route=\/wp\/v2\/users\/96"}],"replies":[{"embeddable":true,"href":"https:\/\/diarioregionaldigital.com.br\/index.php?rest_route=%2Fwp%2Fv2%2Fcomments&post=135437"}],"version-history":[{"count":0,"href":"https:\/\/diarioregionaldigital.com.br\/index.php?rest_route=\/wp\/v2\/posts\/135437\/revisions"}],"wp:featuredmedia":[{"embeddable":true,"href":"https:\/\/diarioregionaldigital.com.br\/index.php?rest_route=\/wp\/v2\/media\/135438"}],"wp:attachment":[{"href":"https:\/\/diarioregionaldigital.com.br\/index.php?rest_route=%2Fwp%2Fv2%2Fmedia&parent=135437"}],"wp:term":[{"taxonomy":"category","embeddable":true,"href":"https:\/\/diarioregionaldigital.com.br\/index.php?rest_route=%2Fwp%2Fv2%2Fcategories&post=135437"},{"taxonomy":"post_tag","embeddable":true,"href":"https:\/\/diarioregionaldigital.com.br\/index.php?rest_route=%2Fwp%2Fv2%2Ftags&post=135437"}],"curies":[{"name":"wp","href":"https:\/\/api.w.org\/{rel}","templated":true}]}}