{"id":135430,"date":"2019-03-08T13:59:48","date_gmt":"2019-03-08T16:59:48","guid":{"rendered":"https:\/\/diarioregionaldigital.com.br\/?p=135430"},"modified":"2019-03-08T14:02:03","modified_gmt":"2019-03-08T17:02:03","slug":"espero-que-reforma-nao-seja-desidratada-no-congresso-diz-bolsonaro","status":"publish","type":"post","link":"https:\/\/diarioregionaldigital.com.br\/?p=135430","title":{"rendered":"Espero que reforma n\u00e3o seja &#8220;desidratada&#8221; no Congresso, diz Bolsonaro"},"content":{"rendered":"<p>O presidente Jair Bolsonaro disse nessa quinta-feira, 7, esperar que a proposta de reforma da Previd\u00eancia \u201cn\u00e3o seja muito desidratada\u201d pelo Congresso Nacional. O texto, proposto pelo governo, j\u00e1 est\u00e1 na C\u00e2mara dos Deputados, que ainda formar\u00e1 as comiss\u00f5es para o in\u00edcio da tramita\u00e7\u00e3o. Sugest\u00f5es de altera\u00e7\u00f5es no texto j\u00e1 foram feitas por\u00a0l\u00edderes de partidos em uma reuni\u00e3o com o presidente, na semana passada.<\/p>\n<p>\u201cN\u00f3s precisamos fazer uma reforma da Previd\u00eancia. Afinal de contas, ela est\u00e1 mais do que deficit\u00e1ria. [\u2026] N\u00f3s pretendemos aprovar a reforma que est\u00e1 l\u00e1. Se bem que o Parlamento \u00e9 soberano para fazer qualquer poss\u00edvel altera\u00e7\u00e3o. S\u00f3 esperamos que ela n\u00e3o seja muito desidratada, para que atinja seu objetivo e sobre recursos para investirmos em emprego, sa\u00fade, seguran\u00e7a e educa\u00e7\u00e3o\u201d, disse Bolsonaro.<\/p>\n<p>O presidente falou sobre o tema em uma live (transmiss\u00e3o ao vivo) no Facebook. Bolsonaro estava acompanhado do ministro do Gabinete de Seguran\u00e7a Institucional (GSI), Augusto Heleno; e do porta-voz, Ot\u00e1vio do R\u00eago Barros. O presidente disse que a sua inten\u00e7\u00e3o \u00e9 fazer uma transmiss\u00e3o ao vivo todas as quintas-feiras, \u00e0s 18h30, e ouvir as demandas dos internautas que o acompanham na rede social.<\/p>\n<h2>Declara\u00e7\u00e3o sobre For\u00e7as Armadas<\/h2>\n<p>Bolsonaro tamb\u00e9m se manifestou sobre uma declara\u00e7\u00e3o dada por ele mais cedo, em evento no Rio de Janeiro. No evento, ele agradeceu \u00e0s For\u00e7as Armadas e afirmou que \u201cdemocracia e liberdade s\u00f3 existem quando as suas For\u00e7as Armadas assim as querem\u201d. O pronunciamento de Bolsonaro provocou rea\u00e7\u00e3o no meio pol\u00edtico.<\/p>\n<p>Na live, ele disse que fez uso da palavra e que &#8220;para variar&#8221; criou-se a pol\u00eamica. &#8220;No Brasil, n\u00f3s devemos \u00e0s For\u00e7as Armadas a nossa democracia e a nossa liberdade. Assim \u00e9 em todo lugar do mundo [&#8230;] Essa fala j\u00e1 levaram para as mais variadas interpreta\u00e7\u00f5es poss\u00edveis&#8221;, afirmou. Depois, questionou o ministro Augusto Heleno: &#8220;O senhor achou o meu pronunciamento no Rio de Janeiro pol\u00eamico? Algo que deixa uma d\u00favida de que eu estaria no caminho errado naquilo que falei no tocante que as For\u00e7as Armadas no Brasil sempre estiveram ao lado da democracia e da liberdade?&#8221;<\/p>\n<p>O ministro respondeu: \u201cIsso n\u00e3o tem nada de pol\u00eamico, foi dito de improviso para uma tropa qualificada [&#8230;], exortando para que continuem a fazer o papel que v\u00eam fazendo, de serem os guardi\u00f5es da democracia. Tentaram distorcer isso, como se isso fosse um presente dos militares para os civis. N\u00e3o \u00e9 nada disso.&#8221;<\/p>\n<p>Horas antes, o vice-presidente, Hamilton Mour\u00e3o, disse que a fala do presidente foi\u00a0mal interpretada.<\/p>\n<h2>Fim das barreiras eletr\u00f4nicas nas estradas<\/h2>\n<p>Bolsonaro tamb\u00e9m citou a inten\u00e7\u00e3o do governo em aumentar a validade da carteira de motorista, de cinco para dez anos. Al\u00e9m disso, o presidente anunciou a decis\u00e3o de acabar com as barreiras (ou lombadas) eletr\u00f4nicas nas estradas do pa\u00eds. \u201cH\u00e1 uma quantidade enorme de lombadas eletr\u00f4nicas no Brasil. \u00c9 quase imposs\u00edvel voc\u00ea viajar sem levar uma multa. E sabe, ou desconfia, que, no fundo, o objetivo n\u00e3o \u00e9 diminuir acidentes\u201d.<\/p>\n<p>Para Bolsonaro, o Departamento Nacional de Infraestrutura de Transportes (DNIT) estava agindo por interesse de pol\u00edticos antes do in\u00edcio de seu mandato e que o grande n\u00famero de barreiras eletr\u00f4nicas est\u00e1 ligada \u00e0 arrecada\u00e7\u00e3o, e n\u00e3o \u00e0 redu\u00e7\u00e3o de acidentes.<\/p>\n<p>\u201cDecis\u00e3o nossa: n\u00e3o teremos mais nenhuma nova lombada eletr\u00f4nica no Brasil. As que existem, quando forem perdendo a validade, n\u00e3o ser\u00e3o renovadas. [\u2026] Vale lembrar que o DNIT estava, at\u00e9 pouco tempo, na m\u00e3o de partidos pol\u00edticos. Isso acabou e esse departamento est\u00e1, agora, voltado para trabalhar 100% em benef\u00edcio dos condutores\u201d.<\/p>\n<p>&nbsp;<\/p>\n<p>Fonte: Ag\u00eancia Brasil<\/p>\n","protected":false},"excerpt":{"rendered":"<p>O presidente Jair Bolsonaro disse nessa quinta-feira, 7, esperar que a proposta de reforma da Previd\u00eancia \u201cn\u00e3o seja muito desidratada\u201d pelo Congresso Nacional. O texto, proposto pelo governo, j\u00e1 est\u00e1 na C\u00e2mara dos Deputados, que ainda formar\u00e1 as comiss\u00f5es para o in\u00edcio da tramita\u00e7\u00e3o. Sugest\u00f5es de altera\u00e7\u00f5es no texto j\u00e1 foram feitas por\u00a0l\u00edderes de partidos [&hellip;]<\/p>\n","protected":false},"author":96,"featured_media":134157,"comment_status":"closed","ping_status":"closed","sticky":false,"template":"","format":"standard","meta":{"footnotes":""},"categories":[436,262,254,439],"tags":[],"class_list":["post-135430","post","type-post","status-publish","format-standard","has-post-thumbnail","hentry","category-destaque-da-semana","category-noticias","category-politica","category-ultima-hora"],"_links":{"self":[{"href":"https:\/\/diarioregionaldigital.com.br\/index.php?rest_route=\/wp\/v2\/posts\/135430","targetHints":{"allow":["GET"]}}],"collection":[{"href":"https:\/\/diarioregionaldigital.com.br\/index.php?rest_route=\/wp\/v2\/posts"}],"about":[{"href":"https:\/\/diarioregionaldigital.com.br\/index.php?rest_route=\/wp\/v2\/types\/post"}],"author":[{"embeddable":true,"href":"https:\/\/diarioregionaldigital.com.br\/index.php?rest_route=\/wp\/v2\/users\/96"}],"replies":[{"embeddable":true,"href":"https:\/\/diarioregionaldigital.com.br\/index.php?rest_route=%2Fwp%2Fv2%2Fcomments&post=135430"}],"version-history":[{"count":0,"href":"https:\/\/diarioregionaldigital.com.br\/index.php?rest_route=\/wp\/v2\/posts\/135430\/revisions"}],"wp:featuredmedia":[{"embeddable":true,"href":"https:\/\/diarioregionaldigital.com.br\/index.php?rest_route=\/wp\/v2\/media\/134157"}],"wp:attachment":[{"href":"https:\/\/diarioregionaldigital.com.br\/index.php?rest_route=%2Fwp%2Fv2%2Fmedia&parent=135430"}],"wp:term":[{"taxonomy":"category","embeddable":true,"href":"https:\/\/diarioregionaldigital.com.br\/index.php?rest_route=%2Fwp%2Fv2%2Fcategories&post=135430"},{"taxonomy":"post_tag","embeddable":true,"href":"https:\/\/diarioregionaldigital.com.br\/index.php?rest_route=%2Fwp%2Fv2%2Ftags&post=135430"}],"curies":[{"name":"wp","href":"https:\/\/api.w.org\/{rel}","templated":true}]}}