{"id":135426,"date":"2019-03-08T13:52:36","date_gmt":"2019-03-08T16:52:36","guid":{"rendered":"https:\/\/diarioregionaldigital.com.br\/?p=135426"},"modified":"2019-03-08T13:53:23","modified_gmt":"2019-03-08T16:53:23","slug":"mortes-em-estradas-federais-caem-19-no-carnaval-deste-ano","status":"publish","type":"post","link":"https:\/\/diarioregionaldigital.com.br\/?p=135426","title":{"rendered":"Mortes em estradas federais caem 19% no carnaval deste ano"},"content":{"rendered":"<p>Balan\u00e7o da Opera\u00e7\u00e3o Carnaval deste ano nas estradas federais do pa\u00eds, divulgado\u00a0nessa quinta-feira, 7, pela Pol\u00edcia Rodovi\u00e1ria Federal (PRF), mostra que houve redu\u00e7\u00e3o no n\u00famero de mortos, de acidentes, de feridos e ultrapassagens perigosas.<\/p>\n<p>Houve queda de 19% nas mortes nas rodovias federais do pa\u00eds de 1\u00aa a\u00a06 de mar\u00e7o, na compara\u00e7\u00e3o com o n\u00famero registrado na Opera\u00e7\u00e3o Carnaval do\u00a0ano passado. Ao todo, 83 pessoas morreram. Em 2018, foram 103 mortes.<\/p>\n<p>O n\u00famero de acidentes diminuiu 24% em rela\u00e7\u00e3o a 2018, passando de 1.518 no carnaval passado para 1.157 neste ano. Dados da PRF\u00a0mostraram tamb\u00e9m que teve queda de 22% nas ultrapassagens irregulares.<\/p>\n<p>Os acidentes deixaram 1.464 feridos, o que representa redu\u00e7\u00e3o de 7% em rela\u00e7\u00e3o ao total de\u00a01.569 pessoas feridas no carnaval passado.<\/p>\n<p>Os agentes da PRF fiscalizaram 185.741 ve\u00edculos, resultando em 63.313 autos de infra\u00e7\u00e3o. Foram registrados 8.542 flagrantes de ultrapassagens indevidas, que, segundo a pol\u00edcia, est\u00e3o entre as principais\u00a0causas de colis\u00f5es frontais.<\/p>\n<p>Ainda em rela\u00e7\u00e3o a flagrantes, houve\u00a05.206 autua\u00e7\u00f5es por falta do uso de cinto de seguran\u00e7a, n\u00famero 13% maior que no ano anterior. Ao todo, 68.153 motoristas foram submetidos aos testes de baf\u00f4metro que resultaram em 1.959 autua\u00e7\u00f5es por embriaguez ao volante neste ano. No ano anterior, foram feitos 52.585 testes que resultaram em 1.629 multas.<\/p>\n<p>A PRF registrou 1.040 pessoas pilotando motocicletas sem o uso de capacete, al\u00e9m de 846 crian\u00e7as\u00a0transportadas sem os cuidados necess\u00e1rios, o que corresponde a um crescimento de 44% e 16%, respectivamente, em rela\u00e7\u00e3o ao ano passado.<\/p>\n<p>Sobre criminalidade, a pol\u00edcia apreendeu 956 quilos (kg) de maconha e quase 152 kg de coca\u00edna. Segundo os dados, 23 armas de fogo, 699 muni\u00e7\u00f5es e 121.650 ma\u00e7os de cigarro foram apreendidos,\u00a082 ve\u00edculos foram recuperados e 673 pessoas foram presas por diversos crimes.<\/p>\n<p>De acordo com a PRF, a\u00e7\u00f5es de conscientiza\u00e7\u00e3o e educa\u00e7\u00e3o para o tr\u00e2nsito alcan\u00e7aram 21.269 pessoas em todo pa\u00eds durante a Opera\u00e7\u00e3o Carnaval 2019. \u201cCom isso, a PRF segue rumo ao alcance da meta estabelecida para o per\u00edodo. Em 2010, foram registrados 183.456 acidentes e 8.623 \u00f3bitos nas rodovias federais. Em 2017, o n\u00famero de acidentes foi de 89.318 e 6.244 \u00f3bitos, em 2018 j\u00e1 foram 69.114 acidentes e 5.259 \u00f3bitos\u201d, destacou a pol\u00edcia.<\/p>\n<p>Segundo dados do \u00f3rg\u00e3o, entre 2014 e 2017,\u00a0a frota de ve\u00edculos no Brasil passou de 86.700.490 para 96.790.495, um aumento de 11,6%.<\/p>\n","protected":false},"excerpt":{"rendered":"<p>Balan\u00e7o da Opera\u00e7\u00e3o Carnaval deste ano nas estradas federais do pa\u00eds, divulgado\u00a0nessa quinta-feira, 7, pela Pol\u00edcia Rodovi\u00e1ria Federal (PRF), mostra que houve redu\u00e7\u00e3o no n\u00famero de mortos, de acidentes, de feridos e ultrapassagens perigosas. Houve queda de 19% nas mortes nas rodovias federais do pa\u00eds de 1\u00aa a\u00a06 de mar\u00e7o, na compara\u00e7\u00e3o com o n\u00famero [&hellip;]<\/p>\n","protected":false},"author":96,"featured_media":135428,"comment_status":"closed","ping_status":"closed","sticky":false,"template":"","format":"standard","meta":{"footnotes":""},"categories":[302,436,262,439],"tags":[],"class_list":["post-135426","post","type-post","status-publish","format-standard","has-post-thumbnail","hentry","category-brasil-mundo","category-destaque-da-semana","category-noticias","category-ultima-hora"],"_links":{"self":[{"href":"https:\/\/diarioregionaldigital.com.br\/index.php?rest_route=\/wp\/v2\/posts\/135426","targetHints":{"allow":["GET"]}}],"collection":[{"href":"https:\/\/diarioregionaldigital.com.br\/index.php?rest_route=\/wp\/v2\/posts"}],"about":[{"href":"https:\/\/diarioregionaldigital.com.br\/index.php?rest_route=\/wp\/v2\/types\/post"}],"author":[{"embeddable":true,"href":"https:\/\/diarioregionaldigital.com.br\/index.php?rest_route=\/wp\/v2\/users\/96"}],"replies":[{"embeddable":true,"href":"https:\/\/diarioregionaldigital.com.br\/index.php?rest_route=%2Fwp%2Fv2%2Fcomments&post=135426"}],"version-history":[{"count":0,"href":"https:\/\/diarioregionaldigital.com.br\/index.php?rest_route=\/wp\/v2\/posts\/135426\/revisions"}],"wp:featuredmedia":[{"embeddable":true,"href":"https:\/\/diarioregionaldigital.com.br\/index.php?rest_route=\/wp\/v2\/media\/135428"}],"wp:attachment":[{"href":"https:\/\/diarioregionaldigital.com.br\/index.php?rest_route=%2Fwp%2Fv2%2Fmedia&parent=135426"}],"wp:term":[{"taxonomy":"category","embeddable":true,"href":"https:\/\/diarioregionaldigital.com.br\/index.php?rest_route=%2Fwp%2Fv2%2Fcategories&post=135426"},{"taxonomy":"post_tag","embeddable":true,"href":"https:\/\/diarioregionaldigital.com.br\/index.php?rest_route=%2Fwp%2Fv2%2Ftags&post=135426"}],"curies":[{"name":"wp","href":"https:\/\/api.w.org\/{rel}","templated":true}]}}