{"id":135410,"date":"2019-03-10T06:00:59","date_gmt":"2019-03-10T09:00:59","guid":{"rendered":"https:\/\/diarioregionaldigital.com.br\/?p=135410"},"modified":"2019-03-07T18:29:17","modified_gmt":"2019-03-07T21:29:17","slug":"jardim-botanico-abre-as-portas-para-o-publico-no-mes-de-abril","status":"publish","type":"post","link":"https:\/\/diarioregionaldigital.com.br\/?p=135410","title":{"rendered":"Jardim Bot\u00e2nico abre as portas para o p\u00fablico no m\u00eas de abril"},"content":{"rendered":"<p>Com cerca de 82 hectares de belezas naturais, o Jardim Bot\u00e2nico da Universidade Federal de Juiz de Fora (UFJF) tem previs\u00e3o de abrir as portas para o p\u00fablico no dia 12 de abril de 2019. A Pr\u00f3-reitoria de Infraestrutura e Gest\u00e3o (Proinfra) da UFJF est\u00e1 trabalhando nos ajustes finais das obras no local. A expectativa \u00e9 de que as visita\u00e7\u00f5es se iniciem logo ap\u00f3s cerim\u00f4nia de inaugura\u00e7\u00e3o.<\/p>\n<p>A \u00e1rea, localizada na Mata do Krambeck, promete uma imers\u00e3o na natureza por meio do contato direto com mais de 400 esp\u00e9cies nativas, al\u00e9m de popula\u00e7\u00f5es raras ou em extin\u00e7\u00e3o. Os visitantes ter\u00e3o acesso livre a cerca de dez hectares, que incluem trilhas, lagos, bromeli\u00e1rio, orquid\u00e1rio, galerias de arte e uma casa sustent\u00e1vel, onde poder\u00e3o vivenciar a experi\u00eancia de uma moradia ecol\u00f3gica.<\/p>\n<div id=\"attachment_135414\" style=\"width: 449px\" class=\"wp-caption aligncenter\"><img loading=\"lazy\" decoding=\"async\" aria-describedby=\"caption-attachment-135414\" class=\" wp-image-135414\" src=\"https:\/\/diarioregionaldigital.com.br\/wp-content\/uploads\/2019\/03\/foto-03-divulga\u00e7\u00e3o-ufjf-300x211.jpg\" alt=\"\" width=\"439\" height=\"309\" srcset=\"https:\/\/diarioregionaldigital.com.br\/wp-content\/uploads\/2019\/03\/foto-03-divulga\u00e7\u00e3o-ufjf-300x210.jpg 300w, https:\/\/diarioregionaldigital.com.br\/wp-content\/uploads\/2019\/03\/foto-03-divulga\u00e7\u00e3o-ufjf-360x253.jpg 360w, https:\/\/diarioregionaldigital.com.br\/wp-content\/uploads\/2019\/03\/foto-03-divulga\u00e7\u00e3o-ufjf-100x70.jpg 100w, https:\/\/diarioregionaldigital.com.br\/wp-content\/uploads\/2019\/03\/foto-03-divulga\u00e7\u00e3o-ufjf.jpg 630w\" sizes=\"auto, (max-width: 439px) 100vw, 439px\" \/><p id=\"caption-attachment-135414\" class=\"wp-caption-text\">O Jardim Bot\u00e2nico tem acesso pela rua Coronel Almeida Novaes s\/n, no bairro Santa Terezinha. Foto: Divulga\u00e7\u00e3o UFJF<\/p><\/div>\n<p>O objetivo do local, al\u00e9m de ser um campo de trabalho para pesquisadores e alunos da Universidade, \u00e9 levar aos visitantes informa\u00e7\u00f5es sobre formas mais sustent\u00e1veis de interagir com os ambientes naturais. O local ter\u00e1 roteiros de visita\u00e7\u00e3o adaptados para as diferentes faixas et\u00e1rias e interesses, podendo ser acompanhadas pelos bolsistas monitores ou autoguiada a partir dos QR codes (informa\u00e7\u00f5es) ao longo das trilhas. A visita\u00e7\u00e3o ser\u00e1 gratuita, de ter\u00e7a a sexta-feira, das 8h \u00e0s 17h, com entrada permitida at\u00e9 as 16h30.<\/p>\n<p>O Jardim Bot\u00e2nico tem acesso pela rua Coronel Almeida Novaes s\/n, no bairro Santa Terezinha.<\/p>\n<p>&nbsp;<\/p>\n<p>Fonte: Assessoria<\/p>\n","protected":false},"excerpt":{"rendered":"<p>Com cerca de 82 hectares de belezas naturais, o Jardim Bot\u00e2nico da Universidade Federal de Juiz de Fora (UFJF) tem previs\u00e3o de abrir as portas para o p\u00fablico no dia 12 de abril de 2019. A Pr\u00f3-reitoria de Infraestrutura e Gest\u00e3o (Proinfra) da UFJF est\u00e1 trabalhando nos ajustes finais das obras no local. A expectativa [&hellip;]<\/p>\n","protected":false},"author":96,"featured_media":135413,"comment_status":"closed","ping_status":"closed","sticky":false,"template":"","format":"standard","meta":{"footnotes":""},"categories":[253,436,440,439],"tags":[],"class_list":["post-135410","post","type-post","status-publish","format-standard","has-post-thumbnail","hentry","category-cidade","category-destaque-da-semana","category-destaques-do-dia","category-ultima-hora"],"_links":{"self":[{"href":"https:\/\/diarioregionaldigital.com.br\/index.php?rest_route=\/wp\/v2\/posts\/135410","targetHints":{"allow":["GET"]}}],"collection":[{"href":"https:\/\/diarioregionaldigital.com.br\/index.php?rest_route=\/wp\/v2\/posts"}],"about":[{"href":"https:\/\/diarioregionaldigital.com.br\/index.php?rest_route=\/wp\/v2\/types\/post"}],"author":[{"embeddable":true,"href":"https:\/\/diarioregionaldigital.com.br\/index.php?rest_route=\/wp\/v2\/users\/96"}],"replies":[{"embeddable":true,"href":"https:\/\/diarioregionaldigital.com.br\/index.php?rest_route=%2Fwp%2Fv2%2Fcomments&post=135410"}],"version-history":[{"count":0,"href":"https:\/\/diarioregionaldigital.com.br\/index.php?rest_route=\/wp\/v2\/posts\/135410\/revisions"}],"wp:featuredmedia":[{"embeddable":true,"href":"https:\/\/diarioregionaldigital.com.br\/index.php?rest_route=\/wp\/v2\/media\/135413"}],"wp:attachment":[{"href":"https:\/\/diarioregionaldigital.com.br\/index.php?rest_route=%2Fwp%2Fv2%2Fmedia&parent=135410"}],"wp:term":[{"taxonomy":"category","embeddable":true,"href":"https:\/\/diarioregionaldigital.com.br\/index.php?rest_route=%2Fwp%2Fv2%2Fcategories&post=135410"},{"taxonomy":"post_tag","embeddable":true,"href":"https:\/\/diarioregionaldigital.com.br\/index.php?rest_route=%2Fwp%2Fv2%2Ftags&post=135410"}],"curies":[{"name":"wp","href":"https:\/\/api.w.org\/{rel}","templated":true}]}}