{"id":135404,"date":"2019-03-10T06:00:28","date_gmt":"2019-03-10T09:00:28","guid":{"rendered":"https:\/\/diarioregionaldigital.com.br\/?p=135404"},"modified":"2019-03-07T18:26:55","modified_gmt":"2019-03-07T21:26:55","slug":"mae-lanca-campanha-com-objetivo-de-arrecadar-suplemento-vitaminico-para-o-filho","status":"publish","type":"post","link":"https:\/\/diarioregionaldigital.com.br\/?p=135404","title":{"rendered":"M\u00e3e lan\u00e7a campanha com objetivo de arrecadar suplemento vitam\u00ednico para o filho"},"content":{"rendered":"<p>Mateus Ramalho, hoje com 12 anos, nasceu prematuro de 25 semanas e 900 gramas. Desde seu nascimento, Rafaela Ramalho, que foi m\u00e3e aos 15, tem todo um cuidado especial com o filho.<\/p>\n<p>Com tr\u00eas meses de vida, Mateus foi diagnosticado com paralisia cerebral. &#8220;Quando ele era beb\u00ea era mais f\u00e1cil cuidar dele, agora ele est\u00e1 muito grande, ele faz uso de uma cadeira adaptada para se locomover e precisa de v\u00e1rias coisas&#8221;, conta Rafaela. Segundo ela, desde pequeno Mateus faz tratamentos com v\u00e1rios profissionais, como fisioterapeuta e fonoaudi\u00f3loga.<\/p>\n<p>Ap\u00f3s uma vacina, o jovem Mateus passou por algumas complica\u00e7\u00f5es e precisou ficar internado. &#8220;Em abril do ano passado ele tomou uma benzetacil, mas a gente n\u00e3o sabe qual foi a causa do problema. Abaixou todas as plaquetas dele e faltou muito pouco para ele tomar transfus\u00e3o de sangue. Depois disso apareceram v\u00e1rias infec\u00e7\u00f5es nele, de garganta, de ouvido, ficou internadoe como consequ\u00eancia ele perdeu muito peso porque parou de comer&#8221;, explica a m\u00e3e. Ela relata que o m\u00e9dico n\u00e3o soube explic\u00e1-la se foi por conta da benzetacil ou se foi consequ\u00eancia de outra infec\u00e7\u00e3o. Rafaela ainda relata que n\u00e3o aceitou colocar a sonda gastro. &#8220;Porque a indica\u00e7\u00e3o de sonda dele n\u00e3o seria por engasto, por aspira\u00e7\u00e3o, seria porque ele perdeu peso. Fiquei desesperada e n\u00e3o aceitei&#8221;, comenta.<\/p>\n<p>Foi receitado para Mateus um suplemento, mas que n\u00e3o foi bem aceito pelo organismo. A nutricionista dele, que presta atendimento volunt\u00e1rio, receitou outro suplemento vitam\u00ednico, o &#8220;Nutren 1.5&#8243;. O pre\u00e7o do produto, que Mateus vem tomando h\u00e1 um ano, \u00e9 alto. A m\u00e3e conta que fez v\u00e1rias a\u00e7\u00f5es para custear a compra do suplemento.Um amigo doou uma cama para Rafaela, que com a ajuda da irm\u00e3 Carolaine Ramalho, fizeram uma rifa.&#8221;Eu j\u00e1 fiz bingo, j\u00e1 fiz rifa.S\u00f3 que est\u00e1 chegando em um ponto que todo mundo que j\u00e1 comprou, j\u00e1 ajudou, n\u00e3o consegue comprar mais&#8221;, disse. Ele precisa tomar 90 caixas desse suplemento por m\u00eas, sendo 3 por dia.<\/p>\n<div id=\"attachment_135411\" style=\"width: 327px\" class=\"wp-caption aligncenter\"><img loading=\"lazy\" decoding=\"async\" aria-describedby=\"caption-attachment-135411\" class=\" wp-image-135411\" src=\"https:\/\/diarioregionaldigital.com.br\/wp-content\/uploads\/2019\/03\/foto-02-169x300.jpg\" alt=\"\" width=\"317\" height=\"563\" srcset=\"https:\/\/diarioregionaldigital.com.br\/wp-content\/uploads\/2019\/03\/foto-02-169x300.jpg 169w, https:\/\/diarioregionaldigital.com.br\/wp-content\/uploads\/2019\/03\/foto-02-360x640.jpg 360w, https:\/\/diarioregionaldigital.com.br\/wp-content\/uploads\/2019\/03\/foto-02.jpg 540w\" sizes=\"auto, (max-width: 317px) 100vw, 317px\" \/><p id=\"caption-attachment-135411\" class=\"wp-caption-text\">Foto: Arquivo pessoal<\/p><\/div>\n<p>Com a ajuda de outra amiga, Rafaela lan\u00e7ou nas redes sociais a campanha &#8220;Amigos do Mateus&#8221; para tentar arrecadar suplemento vitam\u00ednico. &#8220;Mateus n\u00e3o usa s\u00f3 esse suplemento. Ele usa rem\u00e9dios e usa muito fralda porque o xixi dele vaza muito. De 15 em 15 dias a gente tem que comprar colch\u00e3o casca de ovo porque o dele vai estragando. S\u00f3 os rem\u00e9dios do Mateus ficam em 1.500 reais por m\u00eas, sem o valor dos suplementos, e eu n\u00e3o tenho condi\u00e7\u00f5es&#8221;, explica. Ela relata que para auxiliar nos gastos buscas realizar trabalhos de <em>freelancer<\/em> ou mais flex\u00edveis, como o de manicure que pode ser feito em casa. &#8220;Mesmo tomando suplemento ele n\u00e3o est\u00e1 engordando nada. Ele est\u00e1 desnutrido e eu j\u00e1 n\u00e3o sei mais o que fazer. A nutricionista passou bastante orienta\u00e7\u00e3o para estarmos enriquecendo a comida dele, mas n\u00e3o vem tendo resultado nem com refor\u00e7o do suplemento&#8221;, desabafa.<\/p>\n<p>Mesmo com toda luta, desde muito cedo, Rafaela sempre seguiu firme nessa caminhada para proporcionar uma vida saud\u00e1vel para o filho e agradece a todos que fazem parte dessa hist\u00f3ria. Ela ainda relata a alegria do filho e o gosto por funk e hip-hop. &#8220;Ele \u00e9 uma crian\u00e7a muito doce, gosta muito de hip-hop e v\u00e1rias m\u00fasicas da Anitta. Ele ouve e assiste v\u00eddeos o dia todo. Ele \u00e9 um guerreiro&#8221;, conta. Rafaela ainda fala que Mateus veio para mudar sua vida &#8220;Eu perdi minha m\u00e3e muito cedo, aos nove anos, e aos 15 tive que ter minha pr\u00f3pria casa, minha pr\u00f3pria vida. Todos que me conhecem sabem como eu vivo com Mateus, todos sabem como eu cuido dele. Mateus veio pra mudar minha vida, ele \u00e9 tudo para mim, meu pedacinho. Atrav\u00e9s dele eu me transformo em uma pessoa melhor&#8221;, relata.<\/p>\n<p>Os interessados em ajudar na campanha podem comprar o suplemento na rua Braz Bernardino, n\u00ba 162, Centro. Aqueles que comprarem o produto no local indicado, se preferir, podem deix\u00e1-lo no local que Rafaela ir\u00e1 buscar. Al\u00e9m disso, \u00e9 poss\u00edvel ajudar depositando o dinheiro na conta do Mateus: ou fazendo contato por WhatsApp no n\u00famero (32) 98463-6751. &#8220;Eu recebo ajuda de muitas pessoas, muitos amigos que est\u00e3o do nosso lado, mas n\u00e3o est\u00e1 sendo suficiente. Eu n\u00e3o quero dinheiro eu s\u00f3 quero ajuda com o suplemento caso algu\u00e9m queima me dar&#8221;, conclui.<\/p>\n","protected":false},"excerpt":{"rendered":"<p>Mateus Ramalho, hoje com 12 anos, nasceu prematuro de 25 semanas e 900 gramas. Desde seu nascimento, Rafaela Ramalho, que foi m\u00e3e aos 15, tem todo um cuidado especial com o filho. Com tr\u00eas meses de vida, Mateus foi diagnosticado com paralisia cerebral. &#8220;Quando ele era beb\u00ea era mais f\u00e1cil cuidar dele, agora ele est\u00e1 [&hellip;]<\/p>\n","protected":false},"author":96,"featured_media":135409,"comment_status":"closed","ping_status":"closed","sticky":false,"template":"","format":"standard","meta":{"footnotes":""},"categories":[253,436,440,439],"tags":[],"class_list":["post-135404","post","type-post","status-publish","format-standard","has-post-thumbnail","hentry","category-cidade","category-destaque-da-semana","category-destaques-do-dia","category-ultima-hora"],"_links":{"self":[{"href":"https:\/\/diarioregionaldigital.com.br\/index.php?rest_route=\/wp\/v2\/posts\/135404","targetHints":{"allow":["GET"]}}],"collection":[{"href":"https:\/\/diarioregionaldigital.com.br\/index.php?rest_route=\/wp\/v2\/posts"}],"about":[{"href":"https:\/\/diarioregionaldigital.com.br\/index.php?rest_route=\/wp\/v2\/types\/post"}],"author":[{"embeddable":true,"href":"https:\/\/diarioregionaldigital.com.br\/index.php?rest_route=\/wp\/v2\/users\/96"}],"replies":[{"embeddable":true,"href":"https:\/\/diarioregionaldigital.com.br\/index.php?rest_route=%2Fwp%2Fv2%2Fcomments&post=135404"}],"version-history":[{"count":0,"href":"https:\/\/diarioregionaldigital.com.br\/index.php?rest_route=\/wp\/v2\/posts\/135404\/revisions"}],"wp:featuredmedia":[{"embeddable":true,"href":"https:\/\/diarioregionaldigital.com.br\/index.php?rest_route=\/wp\/v2\/media\/135409"}],"wp:attachment":[{"href":"https:\/\/diarioregionaldigital.com.br\/index.php?rest_route=%2Fwp%2Fv2%2Fmedia&parent=135404"}],"wp:term":[{"taxonomy":"category","embeddable":true,"href":"https:\/\/diarioregionaldigital.com.br\/index.php?rest_route=%2Fwp%2Fv2%2Fcategories&post=135404"},{"taxonomy":"post_tag","embeddable":true,"href":"https:\/\/diarioregionaldigital.com.br\/index.php?rest_route=%2Fwp%2Fv2%2Ftags&post=135404"}],"curies":[{"name":"wp","href":"https:\/\/api.w.org\/{rel}","templated":true}]}}