{"id":135397,"date":"2019-03-07T17:40:02","date_gmt":"2019-03-07T20:40:02","guid":{"rendered":"https:\/\/diarioregionaldigital.com.br\/?p=135397"},"modified":"2019-03-07T17:40:02","modified_gmt":"2019-03-07T20:40:02","slug":"operacao-carnaval-2019-balanco-da-prf-aponta-o-menor-numero-de-mortos-da-ultima-decada-durante-o-carnaval","status":"publish","type":"post","link":"https:\/\/diarioregionaldigital.com.br\/?p=135397","title":{"rendered":"OPERA\u00c7\u00c3O CARNAVAL 2019: balan\u00e7o da PRF aponta o menor n\u00famero de mortos da \u00faltima d\u00e9cada durante o Carnaval"},"content":{"rendered":"<p>A \u201cOpera\u00e7\u00e3o Carnaval 2019\u201d chega ao fim sendo considerada pela Pol\u00edcia Rodovi\u00e1ria Federal (PRF) como o Carnaval com o menor n\u00famero de mortos da \u00faltima d\u00e9cada. No total, nove pessoas morreram nas rodovias, duas a menos que o \u00faltimo ano que registrou 11 pessoas mortas. O balan\u00e7o deste ano \u00e9 cerca de 61% menor que o de 2017, com 23 mortos, e 18% menor que 2018.<\/p>\n<p>O balan\u00e7o ainda aponta que foram registrados 148 acidentes deixando 193 pessoas feridas. Na opera\u00e7\u00e3o de 2018, o n\u00famero de colis\u00f5es foi de 175 deixando 201 feridos e em 2017 foram 340 e 386, respectivamente. Segundo as informa\u00e7\u00f5es da PRF em oito acidentes com mortes, cinco foram colis\u00f5es frontais, tr\u00eas acidentes envolveram motos. Al\u00e9m disso, os dados apontaram que quatro mortes aconteceram entre 4h e 5h da manh\u00e3, a PRF acredita que isso pode indicar o sono como causa presum\u00edvel dos acidentes.<\/p>\n<p>Nas rodovias mineiras foram fiscalizados 19.380 ve\u00edculos. Al\u00e9m disso, 8.233 multas foram aplicadas por excesso de velocidade monitorado atrav\u00e9s de imagens capturadas por radar e 1.145 multas por ultrapassagens proibidas.<\/p>\n<p>A Pol\u00edcia Rodovi\u00e1ria Federal tamb\u00e9m atuou nas rodovias no combate \u00e0 embriaguez ao volante. Foram realizados 6.945 testes, que levou \u00e0 autua\u00e7\u00e3o de 114 pessoas e \u00e0 pris\u00e3o de nove delas.<\/p>\n<p>Abaixo voc\u00ea confere o gr\u00e1fico disponibilizado pela PRF sobre o n\u00famero de mortos na \u201cOpera\u00e7\u00e3o Carnaval\u201d de 2010 a 2019.<\/p>\n<div style=\"width: 838px\" class=\"wp-caption alignnone\"><img loading=\"lazy\" decoding=\"async\" src=\"https:\/\/scontent.fjdf2-1.fna.fbcdn.net\/v\/t1.15752-9\/53348921_359322628006005_6409526098371018752_n.jpg?_nc_cat=111&amp;_nc_ht=scontent.fjdf2-1.fna&amp;oh=72ddf9aa6d215b0a51f32007dcac5fda&amp;oe=5D16A538\" alt=\"\" width=\"828\" height=\"564\" \/><p class=\"wp-caption-text\">Foto: Divulga\u00e7\u00e3o PRF<\/p><\/div>\n<p>&nbsp;<\/p>\n","protected":false},"excerpt":{"rendered":"<p>A \u201cOpera\u00e7\u00e3o Carnaval 2019\u201d chega ao fim sendo considerada pela Pol\u00edcia Rodovi\u00e1ria Federal (PRF) como o Carnaval com o menor n\u00famero de mortos da \u00faltima d\u00e9cada. No total, nove pessoas morreram nas rodovias, duas a menos que o \u00faltimo ano que registrou 11 pessoas mortas. O balan\u00e7o deste ano \u00e9 cerca de 61% menor que [&hellip;]<\/p>\n","protected":false},"author":96,"featured_media":135398,"comment_status":"closed","ping_status":"closed","sticky":false,"template":"","format":"standard","meta":{"footnotes":""},"categories":[253,436,440,439],"tags":[],"class_list":["post-135397","post","type-post","status-publish","format-standard","has-post-thumbnail","hentry","category-cidade","category-destaque-da-semana","category-destaques-do-dia","category-ultima-hora"],"_links":{"self":[{"href":"https:\/\/diarioregionaldigital.com.br\/index.php?rest_route=\/wp\/v2\/posts\/135397","targetHints":{"allow":["GET"]}}],"collection":[{"href":"https:\/\/diarioregionaldigital.com.br\/index.php?rest_route=\/wp\/v2\/posts"}],"about":[{"href":"https:\/\/diarioregionaldigital.com.br\/index.php?rest_route=\/wp\/v2\/types\/post"}],"author":[{"embeddable":true,"href":"https:\/\/diarioregionaldigital.com.br\/index.php?rest_route=\/wp\/v2\/users\/96"}],"replies":[{"embeddable":true,"href":"https:\/\/diarioregionaldigital.com.br\/index.php?rest_route=%2Fwp%2Fv2%2Fcomments&post=135397"}],"version-history":[{"count":0,"href":"https:\/\/diarioregionaldigital.com.br\/index.php?rest_route=\/wp\/v2\/posts\/135397\/revisions"}],"wp:featuredmedia":[{"embeddable":true,"href":"https:\/\/diarioregionaldigital.com.br\/index.php?rest_route=\/wp\/v2\/media\/135398"}],"wp:attachment":[{"href":"https:\/\/diarioregionaldigital.com.br\/index.php?rest_route=%2Fwp%2Fv2%2Fmedia&parent=135397"}],"wp:term":[{"taxonomy":"category","embeddable":true,"href":"https:\/\/diarioregionaldigital.com.br\/index.php?rest_route=%2Fwp%2Fv2%2Fcategories&post=135397"},{"taxonomy":"post_tag","embeddable":true,"href":"https:\/\/diarioregionaldigital.com.br\/index.php?rest_route=%2Fwp%2Fv2%2Ftags&post=135397"}],"curies":[{"name":"wp","href":"https:\/\/api.w.org\/{rel}","templated":true}]}}