{"id":135389,"date":"2019-03-07T13:22:23","date_gmt":"2019-03-07T16:22:23","guid":{"rendered":"https:\/\/diarioregionaldigital.com.br\/?p=135389"},"modified":"2019-03-07T16:27:44","modified_gmt":"2019-03-07T19:27:44","slug":"reclamacao-sobre-o-iptu-2019-podem-ser-feitas-ate-esta-sexta-feira","status":"publish","type":"post","link":"https:\/\/diarioregionaldigital.com.br\/?p=135389","title":{"rendered":"Reclama\u00e7\u00e3o sobre o IPTU 2019 podem ser feitas at\u00e9 esta sexta-feira"},"content":{"rendered":"<p>Termina nesta sexta-feira, 8, o per\u00edodo de reclama\u00e7\u00f5es referentes aos dados lan\u00e7ados no carn\u00ea do Imposto Predial e Territorial Urbano (IPTU) 2019. Quem tiver interesse na revis\u00e3o dever\u00e1 procurar o Espa\u00e7o Cidad\u00e3o JF, na Avenida Bar\u00e3o do Rio Branco, 2.234, Centro, Parque Halfeld, das 8 \u00e0s 18 horas, munido do carn\u00ea do ano vigente e de documentos que comprovem os dados que est\u00e3o sendo objeto do pedido de revis\u00e3o. Caso seja constatada a incorre\u00e7\u00e3o, o propriet\u00e1rio do im\u00f3vel ou representante legal (mediante procura\u00e7\u00e3o) dever\u00e1 protocolar a Reclama\u00e7\u00e3o Contra o Lan\u00e7amento (RCL), at\u00e9 8 de mar\u00e7o.<\/p>\n<p>Quem n\u00e3o recebeu o carn\u00ea pelos Correios poder\u00e1 obter o documento via on-line, <a href=\"https:\/\/www.pjf.mg.gov.br\/secretarias\/sf\/iptu\/index.php\">atrav\u00e9s do portal da PJF<\/a> ou presencialmente, no Espa\u00e7o Cidad\u00e3o JF ou nos centros regionais, munido do documento anterior ou do n\u00famero da inscri\u00e7\u00e3o do im\u00f3vel.<\/p>\n<p><b>Multas por atraso<\/b><\/p>\n<p>No caso de atraso de at\u00e9 15 dias no pagamento, a multa ser\u00e1 de 2% sobre o valor total do imposto; de 16 a 30 dias, 4%; de 31 a 45 dias, 8%; acima de 45 dias, 15%. Para os que estiverem inscritos em D\u00edvida Ativa (DA), a multa \u00e9 de 20%. Os juros de mora de 1% ao m\u00eas incidem ap\u00f3s a inscri\u00e7\u00e3o do d\u00e9bito na DA do munic\u00edpio.<\/p>\n<p>O contribuinte que deixar de pagar o imposto ter\u00e1 o d\u00e9bito inscrito na DA no ano seguinte, com multa de mora de 20% e juros de 1% ao m\u00eas, podendo ser cobrado judicialmente (execu\u00e7\u00e3o fiscal) ou extrajudicialmente (protesto em cart\u00f3rio).<\/p>\n<p><b>Endere\u00e7os do Espa\u00e7o Cidad\u00e3o JF e dos centros regionais:<\/b><\/p>\n<p>&#8211; Espa\u00e7o Cidad\u00e3o JF (Avenida Bar\u00e3o do Rio Branco, 2.234, Centro, Parque Halfeld);<\/p>\n<p>&#8211; Centro Regional Sul (Rua Porto das Flores, 270, Bairro Santa Luzia);<\/p>\n<p>&#8211; Centro Regional Norte (Rua In\u00eas Garcia, 357, Benfica);<\/p>\n<p>&#8211; Centro Regional Oeste (Avenida Presidente Costa e Silva, 1.800, S\u00e3o Pedro);<\/p>\n<p>&#8211; Centro Regional Nordeste (Rua Santa Terezinha, 172, Bairro Santa Terezinha).<\/p>\n<p>Fonte: Assessoria<\/p>\n","protected":false},"excerpt":{"rendered":"<p>Termina nesta sexta-feira, 8, o per\u00edodo de reclama\u00e7\u00f5es referentes aos dados lan\u00e7ados no carn\u00ea do Imposto Predial e Territorial Urbano (IPTU) 2019. Quem tiver interesse na revis\u00e3o dever\u00e1 procurar o Espa\u00e7o Cidad\u00e3o JF, na Avenida Bar\u00e3o do Rio Branco, 2.234, Centro, Parque Halfeld, das 8 \u00e0s 18 horas, munido do carn\u00ea do ano vigente e [&hellip;]<\/p>\n","protected":false},"author":96,"featured_media":135390,"comment_status":"closed","ping_status":"closed","sticky":false,"template":"","format":"standard","meta":{"footnotes":""},"categories":[253,436,440,439],"tags":[],"class_list":["post-135389","post","type-post","status-publish","format-standard","has-post-thumbnail","hentry","category-cidade","category-destaque-da-semana","category-destaques-do-dia","category-ultima-hora"],"_links":{"self":[{"href":"https:\/\/diarioregionaldigital.com.br\/index.php?rest_route=\/wp\/v2\/posts\/135389","targetHints":{"allow":["GET"]}}],"collection":[{"href":"https:\/\/diarioregionaldigital.com.br\/index.php?rest_route=\/wp\/v2\/posts"}],"about":[{"href":"https:\/\/diarioregionaldigital.com.br\/index.php?rest_route=\/wp\/v2\/types\/post"}],"author":[{"embeddable":true,"href":"https:\/\/diarioregionaldigital.com.br\/index.php?rest_route=\/wp\/v2\/users\/96"}],"replies":[{"embeddable":true,"href":"https:\/\/diarioregionaldigital.com.br\/index.php?rest_route=%2Fwp%2Fv2%2Fcomments&post=135389"}],"version-history":[{"count":0,"href":"https:\/\/diarioregionaldigital.com.br\/index.php?rest_route=\/wp\/v2\/posts\/135389\/revisions"}],"wp:featuredmedia":[{"embeddable":true,"href":"https:\/\/diarioregionaldigital.com.br\/index.php?rest_route=\/wp\/v2\/media\/135390"}],"wp:attachment":[{"href":"https:\/\/diarioregionaldigital.com.br\/index.php?rest_route=%2Fwp%2Fv2%2Fmedia&parent=135389"}],"wp:term":[{"taxonomy":"category","embeddable":true,"href":"https:\/\/diarioregionaldigital.com.br\/index.php?rest_route=%2Fwp%2Fv2%2Fcategories&post=135389"},{"taxonomy":"post_tag","embeddable":true,"href":"https:\/\/diarioregionaldigital.com.br\/index.php?rest_route=%2Fwp%2Fv2%2Ftags&post=135389"}],"curies":[{"name":"wp","href":"https:\/\/api.w.org\/{rel}","templated":true}]}}