{"id":135379,"date":"2019-03-07T15:06:39","date_gmt":"2019-03-07T18:06:39","guid":{"rendered":"https:\/\/diarioregionaldigital.com.br\/?p=135379"},"modified":"2019-03-07T15:06:39","modified_gmt":"2019-03-07T18:06:39","slug":"contribuicao-sindical-passa-a-ser-recolhida-por-boleto-bancario","status":"publish","type":"post","link":"https:\/\/diarioregionaldigital.com.br\/?p=135379","title":{"rendered":"Contribui\u00e7\u00e3o sindical passa a ser recolhida por boleto banc\u00e1rio"},"content":{"rendered":"<p>A contribui\u00e7\u00e3o dos trabalhadores para os sindicatos, que deixou de ser obrigat\u00f3ria desde novembro de 2017 com a entrada em vigor da moderniza\u00e7\u00e3o trabalhista (Lei 13.467), s\u00f3 poder\u00e1 ser realizada por meio de boleto banc\u00e1rio ou equivalente eletr\u00f4nico. A Medida Provis\u00f3ria 873, publicada no Di\u00e1rio Oficial da Uni\u00e3o (DOU) na \u00faltima sexta-feira, 1, tamb\u00e9m pro\u00edbe o desconto, relativo a um dia de trabalho, diretamente na folha de pagamento do empregado. O texto vale imediatamente, mas precisa ser aprovado pelo Congresso em at\u00e9 120 dias para se tornar lei.<\/p>\n<p>O objetivo da Medida Provis\u00f3ria \u00e9 esclarecer a natureza facultativa da contribui\u00e7\u00e3o sindical e reestabelecer o direito dos trabalhadores, que precisam manifestar a vontade de contribuir por meio de autoriza\u00e7\u00e3o pr\u00e9via, individual e por escrito. A medida tamb\u00e9m anula regras ou cl\u00e1usulas normativas que fixam a compulsoriedade ou a obrigatoriedade de recolhimento a empregados ou empregadores, ainda que referendadas por negocia\u00e7\u00e3o coletiva, assembleia geral ou outro meio previsto no estatuto da entidade.<\/p>\n<p>De acordo com a MP, o boleto banc\u00e1rio ser\u00e1 encaminhado \u00e0 resid\u00eancia do empregado ou, na hip\u00f3tese de impossibilidade de recebimento, \u00e0 sede da empresa. Caso o trabalhador n\u00e3o tenha autorizado o desconto, o envio do boleto \u00e9 proibido.<\/p>\n<p>&nbsp;<\/p>\n<p>Fonte: MT<\/p>\n","protected":false},"excerpt":{"rendered":"<p>A contribui\u00e7\u00e3o dos trabalhadores para os sindicatos, que deixou de ser obrigat\u00f3ria desde novembro de 2017 com a entrada em vigor da moderniza\u00e7\u00e3o trabalhista (Lei 13.467), s\u00f3 poder\u00e1 ser realizada por meio de boleto banc\u00e1rio ou equivalente eletr\u00f4nico. A Medida Provis\u00f3ria 873, publicada no Di\u00e1rio Oficial da Uni\u00e3o (DOU) na \u00faltima sexta-feira, 1, tamb\u00e9m pro\u00edbe [&hellip;]<\/p>\n","protected":false},"author":96,"featured_media":97343,"comment_status":"closed","ping_status":"closed","sticky":false,"template":"","format":"standard","meta":{"footnotes":""},"categories":[436,262,254,439],"tags":[],"class_list":["post-135379","post","type-post","status-publish","format-standard","has-post-thumbnail","hentry","category-destaque-da-semana","category-noticias","category-politica","category-ultima-hora"],"_links":{"self":[{"href":"https:\/\/diarioregionaldigital.com.br\/index.php?rest_route=\/wp\/v2\/posts\/135379","targetHints":{"allow":["GET"]}}],"collection":[{"href":"https:\/\/diarioregionaldigital.com.br\/index.php?rest_route=\/wp\/v2\/posts"}],"about":[{"href":"https:\/\/diarioregionaldigital.com.br\/index.php?rest_route=\/wp\/v2\/types\/post"}],"author":[{"embeddable":true,"href":"https:\/\/diarioregionaldigital.com.br\/index.php?rest_route=\/wp\/v2\/users\/96"}],"replies":[{"embeddable":true,"href":"https:\/\/diarioregionaldigital.com.br\/index.php?rest_route=%2Fwp%2Fv2%2Fcomments&post=135379"}],"version-history":[{"count":0,"href":"https:\/\/diarioregionaldigital.com.br\/index.php?rest_route=\/wp\/v2\/posts\/135379\/revisions"}],"wp:featuredmedia":[{"embeddable":true,"href":"https:\/\/diarioregionaldigital.com.br\/index.php?rest_route=\/wp\/v2\/media\/97343"}],"wp:attachment":[{"href":"https:\/\/diarioregionaldigital.com.br\/index.php?rest_route=%2Fwp%2Fv2%2Fmedia&parent=135379"}],"wp:term":[{"taxonomy":"category","embeddable":true,"href":"https:\/\/diarioregionaldigital.com.br\/index.php?rest_route=%2Fwp%2Fv2%2Fcategories&post=135379"},{"taxonomy":"post_tag","embeddable":true,"href":"https:\/\/diarioregionaldigital.com.br\/index.php?rest_route=%2Fwp%2Fv2%2Ftags&post=135379"}],"curies":[{"name":"wp","href":"https:\/\/api.w.org\/{rel}","templated":true}]}}