{"id":135375,"date":"2019-03-07T14:30:33","date_gmt":"2019-03-07T17:30:33","guid":{"rendered":"https:\/\/diarioregionaldigital.com.br\/?p=135375"},"modified":"2019-03-07T15:02:44","modified_gmt":"2019-03-07T18:02:44","slug":"projeto-bem-comum-da-pjf-promove-acoes-especiais-para-celebrar-o-dia-internacional-da-mulher","status":"publish","type":"post","link":"https:\/\/diarioregionaldigital.com.br\/?p=135375","title":{"rendered":"Projeto \u201cBem Comum\u201d da PJF promove a\u00e7\u00f5es especiais para celebrar o \u201cDia Internacional da Mulher\u201d"},"content":{"rendered":"<p>Nesta sexta-feira, 8 de mar\u00e7o, \u00e9 celebrado o \u201cDia Internacional da Mulher\u201d. A Prefeitura de Juiz de Fora (PJF), atrav\u00e9s do projeto \u201cBem Comum\u201d desenvolvido pela Secretaria de Comunica\u00e7\u00e3o Social (SCS), \u00a0vai desenvolver atividades especiais em comemora\u00e7\u00e3o ao dia.<\/p>\n<p>Aulas de ioga, boxe, defesa pessoal com agentes da Guarda Municipal (GM),\u00a0 mec\u00e2nica, primeiros socorros, oficinas de beleza e palestras est\u00e3o entre as a\u00e7\u00f5es que ser\u00e3o realizadas no Museu Ferrovi\u00e1rio das 9 \u00e0s 17 horas.<\/p>\n<p>A programa\u00e7\u00e3o pode ser conferida no<a href=\"https:\/\/www.pjf.mg.gov.br\/noticias\/anexo\/programacao_dia_da_mulher_2019.pdf\"> site da PJF.<\/a><\/p>\n","protected":false},"excerpt":{"rendered":"<p>Nesta sexta-feira, 8 de mar\u00e7o, \u00e9 celebrado o \u201cDia Internacional da Mulher\u201d. A Prefeitura de Juiz de Fora (PJF), atrav\u00e9s do projeto \u201cBem Comum\u201d desenvolvido pela Secretaria de Comunica\u00e7\u00e3o Social (SCS), \u00a0vai desenvolver atividades especiais em comemora\u00e7\u00e3o ao dia. Aulas de ioga, boxe, defesa pessoal com agentes da Guarda Municipal (GM),\u00a0 mec\u00e2nica, primeiros socorros, oficinas [&hellip;]<\/p>\n","protected":false},"author":96,"featured_media":135376,"comment_status":"closed","ping_status":"closed","sticky":false,"template":"","format":"standard","meta":{"footnotes":""},"categories":[253,436,440,439],"tags":[],"class_list":["post-135375","post","type-post","status-publish","format-standard","has-post-thumbnail","hentry","category-cidade","category-destaque-da-semana","category-destaques-do-dia","category-ultima-hora"],"_links":{"self":[{"href":"https:\/\/diarioregionaldigital.com.br\/index.php?rest_route=\/wp\/v2\/posts\/135375","targetHints":{"allow":["GET"]}}],"collection":[{"href":"https:\/\/diarioregionaldigital.com.br\/index.php?rest_route=\/wp\/v2\/posts"}],"about":[{"href":"https:\/\/diarioregionaldigital.com.br\/index.php?rest_route=\/wp\/v2\/types\/post"}],"author":[{"embeddable":true,"href":"https:\/\/diarioregionaldigital.com.br\/index.php?rest_route=\/wp\/v2\/users\/96"}],"replies":[{"embeddable":true,"href":"https:\/\/diarioregionaldigital.com.br\/index.php?rest_route=%2Fwp%2Fv2%2Fcomments&post=135375"}],"version-history":[{"count":0,"href":"https:\/\/diarioregionaldigital.com.br\/index.php?rest_route=\/wp\/v2\/posts\/135375\/revisions"}],"wp:featuredmedia":[{"embeddable":true,"href":"https:\/\/diarioregionaldigital.com.br\/index.php?rest_route=\/wp\/v2\/media\/135376"}],"wp:attachment":[{"href":"https:\/\/diarioregionaldigital.com.br\/index.php?rest_route=%2Fwp%2Fv2%2Fmedia&parent=135375"}],"wp:term":[{"taxonomy":"category","embeddable":true,"href":"https:\/\/diarioregionaldigital.com.br\/index.php?rest_route=%2Fwp%2Fv2%2Fcategories&post=135375"},{"taxonomy":"post_tag","embeddable":true,"href":"https:\/\/diarioregionaldigital.com.br\/index.php?rest_route=%2Fwp%2Fv2%2Ftags&post=135375"}],"curies":[{"name":"wp","href":"https:\/\/api.w.org\/{rel}","templated":true}]}}