{"id":135372,"date":"2019-03-07T14:56:57","date_gmt":"2019-03-07T17:56:57","guid":{"rendered":"https:\/\/diarioregionaldigital.com.br\/?p=135372"},"modified":"2019-03-07T14:56:57","modified_gmt":"2019-03-07T17:56:57","slug":"huawei-processa-judicialmente-o-governo-americano","status":"publish","type":"post","link":"https:\/\/diarioregionaldigital.com.br\/?p=135372","title":{"rendered":"Huawei processa judicialmente o governo americano"},"content":{"rendered":"<p>A gigante chinesa de tecnologia Huawei anunciou que est\u00e1 processando judicialmente o governo dos Estados Unidos (EUA) pela proibi\u00e7\u00e3o oficial de que \u00f3rg\u00e3os federais adquiram seus produtos.<\/p>\n<p>O presidente em exerc\u00edcio do Conselho de Administra\u00e7\u00e3o, Guo Ping, e outros dirigentes da Huawei comunicaram o in\u00edcio do processo, durante entrevista coletiva nesta quinta-feira, 7, na sede do conglomerado, na cidade chinesa de Shenzhen.<\/p>\n<p>Guo Ping explicou que o objetivo \u00e9 questionar a constitucionalidade de um artigo da Lei de Autoriza\u00e7\u00e3o da Defesa Nacional, que foi promulgada no ano passado.<\/p>\n<p>O artigo pro\u00edbe \u00f3rg\u00e3os do governo federal de usar qualquer equipamento fabricado pela Huawei. Os Estados Unidos dizem que a medida tem o objetivo de prevenir vazamentos de informa\u00e7\u00f5es confidenciais.<\/p>\n<p>O presidente da Huawei informou que a peti\u00e7\u00e3o judicial, apresentada nessa quarta-feira, 6, em um tribunal federal no Texas, pede a revoga\u00e7\u00e3o do artigo.<\/p>\n<p>Guo Ping afirmou que os EUA n\u00e3o apresentaram nenhuma prova capaz de justificar as restri\u00e7\u00f5es aos produtos Huawei, e que a lei foi promulgada sem dar chance de defesa ao conglomerado. Acrescentou que o artigo viola direitos da empresa e, no fim das contas, \u00e9 prejudicial aos consumidores americanos.<\/p>\n<p>Recentemente foi divulgado que a executiva-chefe da Huawei, Meng\u00a0Wangzhou, ingressou com a\u00e7\u00e3o para obter indeniza\u00e7\u00e3o do governo do Canad\u00e1 e outras entidades, com o argumento de ter sido interrogada injustamente antes de ser detida em dezembro.<\/p>\n<p>&nbsp;<\/p>\n<p>Fonte: Ag\u00eancia Brasil<\/p>\n","protected":false},"excerpt":{"rendered":"<p>A gigante chinesa de tecnologia Huawei anunciou que est\u00e1 processando judicialmente o governo dos Estados Unidos (EUA) pela proibi\u00e7\u00e3o oficial de que \u00f3rg\u00e3os federais adquiram seus produtos. O presidente em exerc\u00edcio do Conselho de Administra\u00e7\u00e3o, Guo Ping, e outros dirigentes da Huawei comunicaram o in\u00edcio do processo, durante entrevista coletiva nesta quinta-feira, 7, na sede [&hellip;]<\/p>\n","protected":false},"author":96,"featured_media":135373,"comment_status":"closed","ping_status":"closed","sticky":false,"template":"","format":"standard","meta":{"footnotes":""},"categories":[302,436,262,439],"tags":[],"class_list":["post-135372","post","type-post","status-publish","format-standard","has-post-thumbnail","hentry","category-brasil-mundo","category-destaque-da-semana","category-noticias","category-ultima-hora"],"_links":{"self":[{"href":"https:\/\/diarioregionaldigital.com.br\/index.php?rest_route=\/wp\/v2\/posts\/135372","targetHints":{"allow":["GET"]}}],"collection":[{"href":"https:\/\/diarioregionaldigital.com.br\/index.php?rest_route=\/wp\/v2\/posts"}],"about":[{"href":"https:\/\/diarioregionaldigital.com.br\/index.php?rest_route=\/wp\/v2\/types\/post"}],"author":[{"embeddable":true,"href":"https:\/\/diarioregionaldigital.com.br\/index.php?rest_route=\/wp\/v2\/users\/96"}],"replies":[{"embeddable":true,"href":"https:\/\/diarioregionaldigital.com.br\/index.php?rest_route=%2Fwp%2Fv2%2Fcomments&post=135372"}],"version-history":[{"count":0,"href":"https:\/\/diarioregionaldigital.com.br\/index.php?rest_route=\/wp\/v2\/posts\/135372\/revisions"}],"wp:featuredmedia":[{"embeddable":true,"href":"https:\/\/diarioregionaldigital.com.br\/index.php?rest_route=\/wp\/v2\/media\/135373"}],"wp:attachment":[{"href":"https:\/\/diarioregionaldigital.com.br\/index.php?rest_route=%2Fwp%2Fv2%2Fmedia&parent=135372"}],"wp:term":[{"taxonomy":"category","embeddable":true,"href":"https:\/\/diarioregionaldigital.com.br\/index.php?rest_route=%2Fwp%2Fv2%2Fcategories&post=135372"},{"taxonomy":"post_tag","embeddable":true,"href":"https:\/\/diarioregionaldigital.com.br\/index.php?rest_route=%2Fwp%2Fv2%2Ftags&post=135372"}],"curies":[{"name":"wp","href":"https:\/\/api.w.org\/{rel}","templated":true}]}}