{"id":135370,"date":"2019-03-07T14:51:51","date_gmt":"2019-03-07T17:51:51","guid":{"rendered":"https:\/\/diarioregionaldigital.com.br\/?p=135370"},"modified":"2019-03-07T14:51:51","modified_gmt":"2019-03-07T17:51:51","slug":"brasil-e-paraguai-vao-retomar-discussao-sobre-construcao-de-pontes","status":"publish","type":"post","link":"https:\/\/diarioregionaldigital.com.br\/?p=135370","title":{"rendered":"Brasil e Paraguai v\u00e3o retomar discuss\u00e3o sobre constru\u00e7\u00e3o de pontes"},"content":{"rendered":"<p>Brasil e Paraguai dar\u00e3o continuidade \u00e0 discuss\u00e3o da constru\u00e7\u00e3o de duas pontes ligando os dois\u00a0pa\u00edses. De acordo com o Minist\u00e9rio das Rela\u00e7\u00f5es Exteriores, esse ser\u00e1 um dos assuntos tratados durante a\u00a0visita do presidente do Paraguai, Mario Abdo Ben\u00edtez, no pr\u00f3ximo dia 12.<\/p>\n<p>Cada pa\u00eds dever\u00e1 ser respons\u00e1vel pela constru\u00e7\u00e3o de uma das pontes. A previs\u00e3o \u00e9 que a brasileira seja iniciada ainda este ano, e dever\u00e1 ser conclu\u00edda em tr\u00eas anos.<\/p>\n<p>Um das pontes ligar\u00e1 a cidade paranaense de Foz do Igua\u00e7u a Puerto Presidente Franco, no Paraguai. Essa ficar\u00e1 a\u00a0cargo do Brasil e dever\u00e1 servir para desafogar o intenso fluxo na Ponte da Amizade, que liga Foz do Igua\u00e7u a\u00a0Ciudad del Este.<\/p>\n<p>A outra, que ficar\u00e1 a cargo do Paraguai, ir\u00e1 ligar a cidade de Porto Murtinho, no Mato Grosso do Sul, a\u00a0Carmelo Peralta. O objetivo \u00e9 facilitar o acesso ao Oceano Pac\u00edfico. A previs\u00e3o \u00e9 que cada uma custar\u00e1 cerca de US$\u00a070 milh\u00f5es.<\/p>\n<p>No ano passado, esse\u00a0foi assunto tratado tamb\u00e9m\u00a0pelo ex-presidente Michel Temer. Segundo o Itamaraty \u00e9\u00a0preciso avan\u00e7ar em quest\u00f5es t\u00e9cnicas. Do lado do Paraguai, ser\u00e1 necess\u00e1ria altera\u00e7\u00e3o no acordo, para que cada\u00a0pa\u00eds arque com as despesas da constru\u00e7\u00e3o de uma das pontes. Pelo acordo firmado atualmente, o valor seria divido.<\/p>\n<p>Al\u00e9m da constru\u00e7\u00e3o das pontes, o presidente Jair Bolsonaro e Abdo Ben\u00edtez dever\u00e3o tratar tamb\u00e9m da seguran\u00e7a\u00a0na fronteira, do combate ao tr\u00e1fico e do com\u00e9rcio entre os pa\u00edses e da regi\u00e3o.<\/p>\n<p>Quest\u00f5es internas do Mercosul &#8211; grupo que re\u00fane Brasil, Paraguai, Uruguai e Argentina &#8211; e negocia\u00e7\u00f5es do\u00a0grupo com outros pa\u00edses, al\u00e9m da situa\u00e7\u00e3o da Venezuela tamb\u00e9m dever\u00e3o entrar na pauta dos presidentes.\u00a0Em janeiro, o Paraguai anunciou o rompimento das rela\u00e7\u00f5es diplom\u00e1ticas com a Venezuela. A decis\u00e3o foi tomada ap\u00f3s a posse do presidente venezuelano, Nicol\u00e1s Maduro.<\/p>\n<p>&nbsp;<\/p>\n<p>Fonte: Ag\u00eancia Brasil<\/p>\n","protected":false},"excerpt":{"rendered":"<p>Brasil e Paraguai dar\u00e3o continuidade \u00e0 discuss\u00e3o da constru\u00e7\u00e3o de duas pontes ligando os dois\u00a0pa\u00edses. De acordo com o Minist\u00e9rio das Rela\u00e7\u00f5es Exteriores, esse ser\u00e1 um dos assuntos tratados durante a\u00a0visita do presidente do Paraguai, Mario Abdo Ben\u00edtez, no pr\u00f3ximo dia 12. Cada pa\u00eds dever\u00e1 ser respons\u00e1vel pela constru\u00e7\u00e3o de uma das pontes. A previs\u00e3o [&hellip;]<\/p>\n","protected":false},"author":96,"featured_media":97709,"comment_status":"closed","ping_status":"closed","sticky":false,"template":"","format":"standard","meta":{"footnotes":""},"categories":[302,436,262,439],"tags":[],"class_list":["post-135370","post","type-post","status-publish","format-standard","has-post-thumbnail","hentry","category-brasil-mundo","category-destaque-da-semana","category-noticias","category-ultima-hora"],"_links":{"self":[{"href":"https:\/\/diarioregionaldigital.com.br\/index.php?rest_route=\/wp\/v2\/posts\/135370","targetHints":{"allow":["GET"]}}],"collection":[{"href":"https:\/\/diarioregionaldigital.com.br\/index.php?rest_route=\/wp\/v2\/posts"}],"about":[{"href":"https:\/\/diarioregionaldigital.com.br\/index.php?rest_route=\/wp\/v2\/types\/post"}],"author":[{"embeddable":true,"href":"https:\/\/diarioregionaldigital.com.br\/index.php?rest_route=\/wp\/v2\/users\/96"}],"replies":[{"embeddable":true,"href":"https:\/\/diarioregionaldigital.com.br\/index.php?rest_route=%2Fwp%2Fv2%2Fcomments&post=135370"}],"version-history":[{"count":0,"href":"https:\/\/diarioregionaldigital.com.br\/index.php?rest_route=\/wp\/v2\/posts\/135370\/revisions"}],"wp:featuredmedia":[{"embeddable":true,"href":"https:\/\/diarioregionaldigital.com.br\/index.php?rest_route=\/wp\/v2\/media\/97709"}],"wp:attachment":[{"href":"https:\/\/diarioregionaldigital.com.br\/index.php?rest_route=%2Fwp%2Fv2%2Fmedia&parent=135370"}],"wp:term":[{"taxonomy":"category","embeddable":true,"href":"https:\/\/diarioregionaldigital.com.br\/index.php?rest_route=%2Fwp%2Fv2%2Fcategories&post=135370"},{"taxonomy":"post_tag","embeddable":true,"href":"https:\/\/diarioregionaldigital.com.br\/index.php?rest_route=%2Fwp%2Fv2%2Ftags&post=135370"}],"curies":[{"name":"wp","href":"https:\/\/api.w.org\/{rel}","templated":true}]}}