{"id":135364,"date":"2019-03-07T14:41:08","date_gmt":"2019-03-07T17:41:08","guid":{"rendered":"https:\/\/diarioregionaldigital.com.br\/?p=135364"},"modified":"2019-03-07T17:43:16","modified_gmt":"2019-03-07T20:43:16","slug":"prf-apreende-caminhonete-adulterada","status":"publish","type":"post","link":"https:\/\/diarioregionaldigital.com.br\/?p=135364","title":{"rendered":"PRF apreende caminhonete adulterada"},"content":{"rendered":"<p>Agentes da Pol\u00edcia Rodovi\u00e1ria Federal (PRF) de Juiz de Fora apreenderam uma caminhonete adulterada, avaliada em 100 mil reais, na tarde dessa quarta-feira, 6.<\/p>\n<p>Segundo as informa\u00e7\u00f5es, durante a realiza\u00e7\u00e3o de fiscaliza\u00e7\u00e3o de rotina na Unidade Operacional do \u00f3rg\u00e3o, o ve\u00edculo com placas de Barbacena foi abordado. Ap\u00f3s verifica\u00e7\u00e3o detalhada, os policiais constataram que os elementos identificadores estavam fora do padr\u00e3o do fabricante, mas as adultera\u00e7\u00f5es n\u00e3o permitiram a identifica\u00e7\u00e3o do ve\u00edculo original.<\/p>\n<p>No momento da abordagem, o condutor do ve\u00edculo era um produtor rural, 46 anos, da cidade de Barbacena. Ele informou aos agentes que havia comprado o ve\u00edculo em uma loja na capital mineira. A documenta\u00e7\u00e3o apresentada estava regular e o produtor conseguiu at\u00e9 mesmo fazer o seguro do ve\u00edculo.<\/p>\n<p>Ainda conforme as informa\u00e7\u00f5es da PRF, a caminhonete foi transferida de propriedade duas vezes sem que a adultera\u00e7\u00e3o fosse detectada. Recentemente a PRF apreendeu outros dois ve\u00edculos semelhantes nas Unidades operacionais de Leopoldina e Tr\u00eas Rios. O ve\u00edculo faz parte do esquema de registro fraudulento feito inicialmente em alguns estados das regi\u00f5es Norte e Nordeste. Atualmente h\u00e1 ve\u00edculos espalhados por todo o pa\u00eds. Al\u00e9m de caminhonetes, o esquema atinge tamb\u00e9m caminh\u00f5es e cavalos tratores.<\/p>\n<p>A PRF ir\u00e1 atuar juntamente com a Pol\u00edcia Civil para fazer a identifica\u00e7\u00e3o do ve\u00edculo original. A ocorr\u00eancia foi encaminhada para a delegacia de plant\u00e3o no bairro Santa Terezinha.<\/p>\n","protected":false},"excerpt":{"rendered":"<p>Agentes da Pol\u00edcia Rodovi\u00e1ria Federal (PRF) de Juiz de Fora apreenderam uma caminhonete adulterada, avaliada em 100 mil reais, na tarde dessa quarta-feira, 6. Segundo as informa\u00e7\u00f5es, durante a realiza\u00e7\u00e3o de fiscaliza\u00e7\u00e3o de rotina na Unidade Operacional do \u00f3rg\u00e3o, o ve\u00edculo com placas de Barbacena foi abordado. Ap\u00f3s verifica\u00e7\u00e3o detalhada, os policiais constataram que os [&hellip;]<\/p>\n","protected":false},"author":96,"featured_media":135366,"comment_status":"closed","ping_status":"closed","sticky":false,"template":"","format":"standard","meta":{"footnotes":""},"categories":[253,436,439],"tags":[],"class_list":["post-135364","post","type-post","status-publish","format-standard","has-post-thumbnail","hentry","category-cidade","category-destaque-da-semana","category-ultima-hora"],"_links":{"self":[{"href":"https:\/\/diarioregionaldigital.com.br\/index.php?rest_route=\/wp\/v2\/posts\/135364","targetHints":{"allow":["GET"]}}],"collection":[{"href":"https:\/\/diarioregionaldigital.com.br\/index.php?rest_route=\/wp\/v2\/posts"}],"about":[{"href":"https:\/\/diarioregionaldigital.com.br\/index.php?rest_route=\/wp\/v2\/types\/post"}],"author":[{"embeddable":true,"href":"https:\/\/diarioregionaldigital.com.br\/index.php?rest_route=\/wp\/v2\/users\/96"}],"replies":[{"embeddable":true,"href":"https:\/\/diarioregionaldigital.com.br\/index.php?rest_route=%2Fwp%2Fv2%2Fcomments&post=135364"}],"version-history":[{"count":0,"href":"https:\/\/diarioregionaldigital.com.br\/index.php?rest_route=\/wp\/v2\/posts\/135364\/revisions"}],"wp:featuredmedia":[{"embeddable":true,"href":"https:\/\/diarioregionaldigital.com.br\/index.php?rest_route=\/wp\/v2\/media\/135366"}],"wp:attachment":[{"href":"https:\/\/diarioregionaldigital.com.br\/index.php?rest_route=%2Fwp%2Fv2%2Fmedia&parent=135364"}],"wp:term":[{"taxonomy":"category","embeddable":true,"href":"https:\/\/diarioregionaldigital.com.br\/index.php?rest_route=%2Fwp%2Fv2%2Fcategories&post=135364"},{"taxonomy":"post_tag","embeddable":true,"href":"https:\/\/diarioregionaldigital.com.br\/index.php?rest_route=%2Fwp%2Fv2%2Ftags&post=135364"}],"curies":[{"name":"wp","href":"https:\/\/api.w.org\/{rel}","templated":true}]}}