{"id":135362,"date":"2019-03-07T14:37:31","date_gmt":"2019-03-07T17:37:31","guid":{"rendered":"https:\/\/diarioregionaldigital.com.br\/?p=135362"},"modified":"2019-03-07T14:37:31","modified_gmt":"2019-03-07T17:37:31","slug":"presidencia-diz-que-bolsonaro-nao-teve-intencao-de-criticar-carnaval","status":"publish","type":"post","link":"https:\/\/diarioregionaldigital.com.br\/?p=135362","title":{"rendered":"Presid\u00eancia diz que Bolsonaro n\u00e3o teve inten\u00e7\u00e3o de criticar Carnaval"},"content":{"rendered":"<p>A Secretaria Especial de Comunica\u00e7\u00e3o Social da Presid\u00eancia da Rep\u00fablica (Secom-PR) informou\u00a0nessa quarta-feira, 6, que o presidente Jair Bolsonaro n\u00e3o teve a inten\u00e7\u00e3o de criticar o carnaval ao divulgar um v\u00eddeo na sua conta de Twitter. Segundo a Secom, o presidente quis \u201ccaracterizar uma distor\u00e7\u00e3o clara\u201d do esp\u00edrito de alegria comumente associado ao carnaval.<\/p>\n<p>\u201cN\u00e3o houve inten\u00e7\u00e3o de criticar o carnaval de forma gen\u00e9rica, mas sim caracterizar uma distor\u00e7\u00e3o clara do esp\u00edrito momesco, que simboliza a descontra\u00e7\u00e3o, a ironia, a cr\u00edtica saud\u00e1vel e a criatividade da nossa maior e mais democr\u00e1tica festa popular\u201d, diz a nota.<\/p>\n<h2>\nV\u00eddeo<\/h2>\n<p>Ontem\u00a0(5) \u00e0 noite Bolsonaro postou um v\u00eddeo, no qual h\u00e1 imagens de um homem urinando em outro, seminu, durante a passagem de um bloco de carnaval.<\/p>\n<p>\u201cN\u00e3o me sinto confort\u00e1vel em mostrar, mas temos que expor a verdade para a popula\u00e7\u00e3o\u00a0ter\u00a0conhecimento e sempre tomar suas prioridades. \u00c9 isto que tem virado muitos blocos de rua no carnaval brasileiro\u201d, disse o presidente.<\/p>\n<h2>Crime<\/h2>\n<p>Na mesma nota, o Pal\u00e1cio do Planalto ressaltou que o v\u00eddeo postado na conta pessoal do presidente retrata \u201cum crime, tipificado na legisla\u00e7\u00e3o\u201d.<\/p>\n<p>\u201cNo v\u00eddeo, postado pelo presidente da Rep\u00fablica em sua conta pessoal de uma rede social, h\u00e1 cenas que escandalizaram, n\u00e3o s\u00f3 o pr\u00f3prio presidente, bem como grande parte da sociedade. \u00c9 um crime, tipificado na legisla\u00e7\u00e3o brasileira, que violenta os valores familiares e as tradi\u00e7\u00f5es culturais do carnaval\u201d.<\/p>\n<p>&nbsp;<\/p>\n<p>Fonte: Ag\u00eancia Brasil<\/p>\n","protected":false},"excerpt":{"rendered":"<p>A Secretaria Especial de Comunica\u00e7\u00e3o Social da Presid\u00eancia da Rep\u00fablica (Secom-PR) informou\u00a0nessa quarta-feira, 6, que o presidente Jair Bolsonaro n\u00e3o teve a inten\u00e7\u00e3o de criticar o carnaval ao divulgar um v\u00eddeo na sua conta de Twitter. Segundo a Secom, o presidente quis \u201ccaracterizar uma distor\u00e7\u00e3o clara\u201d do esp\u00edrito de alegria comumente associado ao carnaval. \u201cN\u00e3o [&hellip;]<\/p>\n","protected":false},"author":96,"featured_media":97343,"comment_status":"closed","ping_status":"closed","sticky":false,"template":"","format":"standard","meta":{"footnotes":""},"categories":[436,262,254,439],"tags":[],"class_list":["post-135362","post","type-post","status-publish","format-standard","has-post-thumbnail","hentry","category-destaque-da-semana","category-noticias","category-politica","category-ultima-hora"],"_links":{"self":[{"href":"https:\/\/diarioregionaldigital.com.br\/index.php?rest_route=\/wp\/v2\/posts\/135362","targetHints":{"allow":["GET"]}}],"collection":[{"href":"https:\/\/diarioregionaldigital.com.br\/index.php?rest_route=\/wp\/v2\/posts"}],"about":[{"href":"https:\/\/diarioregionaldigital.com.br\/index.php?rest_route=\/wp\/v2\/types\/post"}],"author":[{"embeddable":true,"href":"https:\/\/diarioregionaldigital.com.br\/index.php?rest_route=\/wp\/v2\/users\/96"}],"replies":[{"embeddable":true,"href":"https:\/\/diarioregionaldigital.com.br\/index.php?rest_route=%2Fwp%2Fv2%2Fcomments&post=135362"}],"version-history":[{"count":0,"href":"https:\/\/diarioregionaldigital.com.br\/index.php?rest_route=\/wp\/v2\/posts\/135362\/revisions"}],"wp:featuredmedia":[{"embeddable":true,"href":"https:\/\/diarioregionaldigital.com.br\/index.php?rest_route=\/wp\/v2\/media\/97343"}],"wp:attachment":[{"href":"https:\/\/diarioregionaldigital.com.br\/index.php?rest_route=%2Fwp%2Fv2%2Fmedia&parent=135362"}],"wp:term":[{"taxonomy":"category","embeddable":true,"href":"https:\/\/diarioregionaldigital.com.br\/index.php?rest_route=%2Fwp%2Fv2%2Fcategories&post=135362"},{"taxonomy":"post_tag","embeddable":true,"href":"https:\/\/diarioregionaldigital.com.br\/index.php?rest_route=%2Fwp%2Fv2%2Ftags&post=135362"}],"curies":[{"name":"wp","href":"https:\/\/api.w.org\/{rel}","templated":true}]}}