{"id":135352,"date":"2019-03-07T14:17:05","date_gmt":"2019-03-07T17:17:05","guid":{"rendered":"https:\/\/diarioregionaldigital.com.br\/?p=135352"},"modified":"2019-03-07T14:17:05","modified_gmt":"2019-03-07T17:17:05","slug":"bolsonaro-pede-sacrificio-dos-militares-na-reforma-da-previdencia","status":"publish","type":"post","link":"https:\/\/diarioregionaldigital.com.br\/?p=135352","title":{"rendered":"Bolsonaro pede &#8220;sacrif\u00edcio&#8221; dos militares na reforma da Previd\u00eancia"},"content":{"rendered":"<p>O presidente Jair Bolsonaro pediu nesta quinta-feira, 7, o \u201csacrif\u00edcio\u201d dos militares para que apoiem a proposta de reforma da Previd\u00eancia.\u00a0O projeto de lei espec\u00edfico para o regime das For\u00e7as Armadas\u00a0deve ser enviado ainda este m\u00eas ao Congresso para tramitar junto com a reforma do sistema previdenci\u00e1rio geral.<\/p>\n<p>\u201cPe\u00e7o tamb\u00e9m o sacrif\u00edcio porque entraremos, sim, na nova Previd\u00eancia, que atingir\u00e1 os militares. Mas n\u00e3o deixaremos de lado e n\u00e3o esqueceremos as especificidades do cargo de voc\u00eas. Temos um minist\u00e9rio firmado por pessoas comprometidas com o futuro do Brasil, que nos ajudam a conduzir essa grande na\u00e7\u00e3o\u201d, disse.<\/p>\n<p>O presidente participou nesta quinta-feira, 7, da cerim\u00f4nia comemorativa dos 211 anos do Corpo de Fuzileiros Navais, na Fortaleza de S\u00e3o Jos\u00e9, na Ilha das Cobras, no Rio de Janeiro.<\/p>\n<p>O governo quer aumentar o tempo de contribui\u00e7\u00e3o dos militares de 30 para 35 anos, assim como aumentar a al\u00edquota \u00fanica dos militares de 7,5% para 10,5%. A nova al\u00edquota deve ser cobrada tamb\u00e9m no pagamento das pens\u00f5es para dependentes de militares, benef\u00edcio atualmente financiado exclusivamente pelo governo federal.<\/p>\n<p>Um ponto relativo aos militares entrou na\u00a0proposta de emenda \u00e0 Constitui\u00e7\u00e3o enviada no dia 20 de fevereiro ao Congresso. O governo quer que militares tempor\u00e1rios \u2013 que ficam at\u00e9 oito anos nas For\u00e7as Armadas e n\u00e3o prosseguem na carreira militar \u2013 contribuam para o Instituto Nacional do Seguro Social (INSS). De acordo com o governo, os tempor\u00e1rios correspondem atualmente a 60% do contingente militar.<\/p>\n<h2>Amaz\u00f4nia<\/h2>\n<p>O presidente destacou ainda a intensa atua\u00e7\u00e3o das For\u00e7as Armadas na regi\u00e3o amaz\u00f4nica. \u201cEstive na Amaz\u00f4nia, fui recebido por 200 pessoas para conversar sobre essa \u00e1rea mais rica e t\u00e3o deixada de lado, que \u00e9 a nossa querida Amaz\u00f4nia brasileira. Vou conversar com o ministro da Defesa para ter uma retaguarda jur\u00eddica para que voc\u00eas possam bem exercer o seu trabalho, em especial nas miss\u00f5es extraordin\u00e1rias\u201d, disse.<\/p>\n<p>O Corpo de Fuzileiros Navais \u00e9 uma for\u00e7a integrante da Marinha do Brasil e atua na seguran\u00e7a de instala\u00e7\u00f5es e em a\u00e7\u00f5es sociais em todo o territ\u00f3rio nacional.<\/p>\n<p>&nbsp;<\/p>\n<p>Fonte: Ag\u00eancia Brasil<\/p>\n","protected":false},"excerpt":{"rendered":"<p>O presidente Jair Bolsonaro pediu nesta quinta-feira, 7, o \u201csacrif\u00edcio\u201d dos militares para que apoiem a proposta de reforma da Previd\u00eancia.\u00a0O projeto de lei espec\u00edfico para o regime das For\u00e7as Armadas\u00a0deve ser enviado ainda este m\u00eas ao Congresso para tramitar junto com a reforma do sistema previdenci\u00e1rio geral. \u201cPe\u00e7o tamb\u00e9m o sacrif\u00edcio porque entraremos, sim, [&hellip;]<\/p>\n","protected":false},"author":96,"featured_media":135354,"comment_status":"closed","ping_status":"closed","sticky":false,"template":"","format":"standard","meta":{"footnotes":""},"categories":[302,436,262,439],"tags":[],"class_list":["post-135352","post","type-post","status-publish","format-standard","has-post-thumbnail","hentry","category-brasil-mundo","category-destaque-da-semana","category-noticias","category-ultima-hora"],"_links":{"self":[{"href":"https:\/\/diarioregionaldigital.com.br\/index.php?rest_route=\/wp\/v2\/posts\/135352","targetHints":{"allow":["GET"]}}],"collection":[{"href":"https:\/\/diarioregionaldigital.com.br\/index.php?rest_route=\/wp\/v2\/posts"}],"about":[{"href":"https:\/\/diarioregionaldigital.com.br\/index.php?rest_route=\/wp\/v2\/types\/post"}],"author":[{"embeddable":true,"href":"https:\/\/diarioregionaldigital.com.br\/index.php?rest_route=\/wp\/v2\/users\/96"}],"replies":[{"embeddable":true,"href":"https:\/\/diarioregionaldigital.com.br\/index.php?rest_route=%2Fwp%2Fv2%2Fcomments&post=135352"}],"version-history":[{"count":0,"href":"https:\/\/diarioregionaldigital.com.br\/index.php?rest_route=\/wp\/v2\/posts\/135352\/revisions"}],"wp:featuredmedia":[{"embeddable":true,"href":"https:\/\/diarioregionaldigital.com.br\/index.php?rest_route=\/wp\/v2\/media\/135354"}],"wp:attachment":[{"href":"https:\/\/diarioregionaldigital.com.br\/index.php?rest_route=%2Fwp%2Fv2%2Fmedia&parent=135352"}],"wp:term":[{"taxonomy":"category","embeddable":true,"href":"https:\/\/diarioregionaldigital.com.br\/index.php?rest_route=%2Fwp%2Fv2%2Fcategories&post=135352"},{"taxonomy":"post_tag","embeddable":true,"href":"https:\/\/diarioregionaldigital.com.br\/index.php?rest_route=%2Fwp%2Fv2%2Ftags&post=135352"}],"curies":[{"name":"wp","href":"https:\/\/api.w.org\/{rel}","templated":true}]}}