{"id":135349,"date":"2019-03-07T14:10:23","date_gmt":"2019-03-07T17:10:23","guid":{"rendered":"https:\/\/diarioregionaldigital.com.br\/?p=135349"},"modified":"2019-03-07T14:10:23","modified_gmt":"2019-03-07T17:10:23","slug":"comeca-hoje-prazo-para-eleitor-faltoso-evitar-cancelamento-do-titulo","status":"publish","type":"post","link":"https:\/\/diarioregionaldigital.com.br\/?p=135349","title":{"rendered":"Come\u00e7a hoje prazo para eleitor faltoso evitar cancelamento do t\u00edtulo"},"content":{"rendered":"<p>O prazo para quem n\u00e3o votou nem justificou a falta em pelo menos tr\u00eas vota\u00e7\u00f5es seguidas regularizar sua situa\u00e7\u00e3o come\u00e7a nesta\u00a0<span id=\"OBJ_PREFIX_DWT3017_com_zimbra_date\" role=\"link\">quinta<\/span>-feira, 7. Para isso, \u00e9 preciso pagar as multas referentes \u00e0s aus\u00eancias, bem como comparecer a um Cart\u00f3rio Eleitoral para apresentar, al\u00e9m do t\u00edtulo, um documento com foto e um comprovante de resid\u00eancia.<\/p>\n<p>Para somar as tr\u00eas faltas, s\u00e3o contados tamb\u00e9m os turnos de vota\u00e7\u00e3o. Tamb\u00e9m s\u00e3o contadas as elei\u00e7\u00f5es suplementares, convocadas quando o pleito oficial \u00e9 anulado devido a irregularidades. Segundo informa\u00e7\u00f5es do Tribunal Superior Eleitoral (TSE), mais de 2,6 milh\u00f5es de pessoas podem\u00a0<span id=\"OBJ_PREFIX_DWT3018_com_zimbra_date\" role=\"link\">ter<\/span>\u00a0o t\u00edtulo cancelado caso n\u00e3o resolvam a situa\u00e7\u00e3o.<\/p>\n<p>Os nomes dos faltosos come\u00e7aram a ser divulgados em\u00a0<span id=\"OBJ_PREFIX_DWT3019_com_zimbra_date\" role=\"link\">20 de fevereiro<\/span>\u00a0e podem ser consultados nos cart\u00f3rios eleitorais de todo o pa\u00eds. O prazo para a regulariza\u00e7\u00e3o vai at\u00e9\u00a0<span id=\"OBJ_PREFIX_DWT3020_com_zimbra_date\" role=\"link\">6 de maio<\/span>.<\/p>\n<p>O cancelamento do t\u00edtulo pode acarretar uma s\u00e9rie de problemas. A pessoa fica, por exemplo, impedida de obter passaporte e carteira de identidade, de receber sal\u00e1rio de fun\u00e7\u00e3o ou emprego p\u00fablico e\/ou de participar de concorr\u00eancia p\u00fablica ou administrativa estatal.<\/p>\n<p>O faltoso fica ainda impossibilitado de obter empr\u00e9stimos em institui\u00e7\u00f5es p\u00fablicas, de se matricular em institui\u00e7\u00f5es de ensino e de ser nomeado em concurso p\u00fablico.<\/p>\n<p>N\u00e3o\u00a0<span id=\"OBJ_PREFIX_DWT3021_com_zimbra_date\" role=\"link\">ter<\/span>\u00e3o os t\u00edtulos cancelados aqueles que n\u00e3o s\u00e3o obrigados a votar, sendo seu comparecimento \u00e0s urnas facultativo, como as pessoas entre 16 e 18 anos e acima de 70 anos. Tamb\u00e9m n\u00e3o est\u00e3o sujeitos \u00e0 medida os portadores de defici\u00eancia a quem seja imposs\u00edvel ou extremamente oneroso o cumprimento das obriga\u00e7\u00f5es eleitorais.<\/p>\n<p>&nbsp;<\/p>\n<p>Fonte: Ag\u00eancia Brasil<\/p>\n","protected":false},"excerpt":{"rendered":"<p>O prazo para quem n\u00e3o votou nem justificou a falta em pelo menos tr\u00eas vota\u00e7\u00f5es seguidas regularizar sua situa\u00e7\u00e3o come\u00e7a nesta\u00a0quinta-feira, 7. Para isso, \u00e9 preciso pagar as multas referentes \u00e0s aus\u00eancias, bem como comparecer a um Cart\u00f3rio Eleitoral para apresentar, al\u00e9m do t\u00edtulo, um documento com foto e um comprovante de resid\u00eancia. Para somar [&hellip;]<\/p>\n","protected":false},"author":96,"featured_media":135350,"comment_status":"closed","ping_status":"closed","sticky":false,"template":"","format":"standard","meta":{"footnotes":""},"categories":[302,436,262,439],"tags":[],"class_list":["post-135349","post","type-post","status-publish","format-standard","has-post-thumbnail","hentry","category-brasil-mundo","category-destaque-da-semana","category-noticias","category-ultima-hora"],"_links":{"self":[{"href":"https:\/\/diarioregionaldigital.com.br\/index.php?rest_route=\/wp\/v2\/posts\/135349","targetHints":{"allow":["GET"]}}],"collection":[{"href":"https:\/\/diarioregionaldigital.com.br\/index.php?rest_route=\/wp\/v2\/posts"}],"about":[{"href":"https:\/\/diarioregionaldigital.com.br\/index.php?rest_route=\/wp\/v2\/types\/post"}],"author":[{"embeddable":true,"href":"https:\/\/diarioregionaldigital.com.br\/index.php?rest_route=\/wp\/v2\/users\/96"}],"replies":[{"embeddable":true,"href":"https:\/\/diarioregionaldigital.com.br\/index.php?rest_route=%2Fwp%2Fv2%2Fcomments&post=135349"}],"version-history":[{"count":0,"href":"https:\/\/diarioregionaldigital.com.br\/index.php?rest_route=\/wp\/v2\/posts\/135349\/revisions"}],"wp:featuredmedia":[{"embeddable":true,"href":"https:\/\/diarioregionaldigital.com.br\/index.php?rest_route=\/wp\/v2\/media\/135350"}],"wp:attachment":[{"href":"https:\/\/diarioregionaldigital.com.br\/index.php?rest_route=%2Fwp%2Fv2%2Fmedia&parent=135349"}],"wp:term":[{"taxonomy":"category","embeddable":true,"href":"https:\/\/diarioregionaldigital.com.br\/index.php?rest_route=%2Fwp%2Fv2%2Fcategories&post=135349"},{"taxonomy":"post_tag","embeddable":true,"href":"https:\/\/diarioregionaldigital.com.br\/index.php?rest_route=%2Fwp%2Fv2%2Ftags&post=135349"}],"curies":[{"name":"wp","href":"https:\/\/api.w.org\/{rel}","templated":true}]}}