{"id":135346,"date":"2019-03-07T14:02:10","date_gmt":"2019-03-07T17:02:10","guid":{"rendered":"https:\/\/diarioregionaldigital.com.br\/?p=135346"},"modified":"2019-03-07T14:02:10","modified_gmt":"2019-03-07T17:02:10","slug":"inflacao-para-familias-com-renda-mais-baixa-fica-em-049-em-fevereiro","status":"publish","type":"post","link":"https:\/\/diarioregionaldigital.com.br\/?p=135346","title":{"rendered":"Infla\u00e7\u00e3o para fam\u00edlias com renda mais baixa fica em 0,49% em fevereiro"},"content":{"rendered":"<p>O \u00cdndice de Pre\u00e7os ao Consumidor &#8211; Classe 1 (IPC-C1), que calcula a varia\u00e7\u00e3o dos valores cobrados pela cesta de compras de fam\u00edlias com renda at\u00e9 2,5 sal\u00e1rios m\u00ednimos, registrou infla\u00e7\u00e3o de 0,49% em fevereiro,\u00a0abaixo do 0,61% de janeiro. Segundo a Funda\u00e7\u00e3o Getulio Vargas (FGV), o indicador acumula taxas de 1,1% no ano e 4,81% nos \u00faltimos 12 meses.<\/p>\n<p>Apesar da queda em rela\u00e7\u00e3o a fevereiro, o IPC-C1 teve taxa mais alta do que a registrada pelo \u00cdndice de Pre\u00e7os ao Consumidor \u2013 Brasil (IPC-BR), que calcula a infla\u00e7\u00e3o para todas as faixas de renda e que, em fevereiro, registrou \u00edndices de 0,35% no m\u00eas e de 4,38% no acumulado de 12 meses.<\/p>\n<p>De janeiro para fevereiro, o IPC-C1 teve queda nas taxas de quatro das oito classes de despesa pesquisadas: habita\u00e7\u00e3o (de 0,19% em janeiro para 0,4% em fevereiro), sa\u00fade e cuidados pessoais (de -0,02% para 0,50%), alimenta\u00e7\u00e3o (de 0,84% para 0,97%) e vestu\u00e1rio (de -0,56% para -0,04%).<\/p>\n<p>Por outro lado, houve queda nas seguintes classes de despesa: transportes (de 1,84% para 0,22%), educa\u00e7\u00e3o, leitura e recrea\u00e7\u00e3o (de 2% para -0,24%), despesas diversas (de 0,27% para 0,08%) e comunica\u00e7\u00e3o (de 0,01% para -0,05%).<\/p>\n<p>&nbsp;<\/p>\n<p>Fonte: Ag\u00eancia Brasil<\/p>\n","protected":false},"excerpt":{"rendered":"<p>O \u00cdndice de Pre\u00e7os ao Consumidor &#8211; Classe 1 (IPC-C1), que calcula a varia\u00e7\u00e3o dos valores cobrados pela cesta de compras de fam\u00edlias com renda at\u00e9 2,5 sal\u00e1rios m\u00ednimos, registrou infla\u00e7\u00e3o de 0,49% em fevereiro,\u00a0abaixo do 0,61% de janeiro. Segundo a Funda\u00e7\u00e3o Getulio Vargas (FGV), o indicador acumula taxas de 1,1% no ano e 4,81% [&hellip;]<\/p>\n","protected":false},"author":96,"featured_media":135347,"comment_status":"closed","ping_status":"closed","sticky":false,"template":"","format":"standard","meta":{"footnotes":""},"categories":[436,261,262,439],"tags":[],"class_list":["post-135346","post","type-post","status-publish","format-standard","has-post-thumbnail","hentry","category-destaque-da-semana","category-economia","category-noticias","category-ultima-hora"],"_links":{"self":[{"href":"https:\/\/diarioregionaldigital.com.br\/index.php?rest_route=\/wp\/v2\/posts\/135346","targetHints":{"allow":["GET"]}}],"collection":[{"href":"https:\/\/diarioregionaldigital.com.br\/index.php?rest_route=\/wp\/v2\/posts"}],"about":[{"href":"https:\/\/diarioregionaldigital.com.br\/index.php?rest_route=\/wp\/v2\/types\/post"}],"author":[{"embeddable":true,"href":"https:\/\/diarioregionaldigital.com.br\/index.php?rest_route=\/wp\/v2\/users\/96"}],"replies":[{"embeddable":true,"href":"https:\/\/diarioregionaldigital.com.br\/index.php?rest_route=%2Fwp%2Fv2%2Fcomments&post=135346"}],"version-history":[{"count":0,"href":"https:\/\/diarioregionaldigital.com.br\/index.php?rest_route=\/wp\/v2\/posts\/135346\/revisions"}],"wp:featuredmedia":[{"embeddable":true,"href":"https:\/\/diarioregionaldigital.com.br\/index.php?rest_route=\/wp\/v2\/media\/135347"}],"wp:attachment":[{"href":"https:\/\/diarioregionaldigital.com.br\/index.php?rest_route=%2Fwp%2Fv2%2Fmedia&parent=135346"}],"wp:term":[{"taxonomy":"category","embeddable":true,"href":"https:\/\/diarioregionaldigital.com.br\/index.php?rest_route=%2Fwp%2Fv2%2Fcategories&post=135346"},{"taxonomy":"post_tag","embeddable":true,"href":"https:\/\/diarioregionaldigital.com.br\/index.php?rest_route=%2Fwp%2Fv2%2Ftags&post=135346"}],"curies":[{"name":"wp","href":"https:\/\/api.w.org\/{rel}","templated":true}]}}