{"id":135333,"date":"2019-03-10T06:00:44","date_gmt":"2019-03-10T09:00:44","guid":{"rendered":"https:\/\/diarioregionaldigital.com.br\/?p=135333"},"modified":"2019-03-07T11:37:36","modified_gmt":"2019-03-07T14:37:36","slug":"conheca-alguns-destinos-no-interior-de-minas-gerais-para-recuperar-as-energias","status":"publish","type":"post","link":"https:\/\/diarioregionaldigital.com.br\/?p=135333","title":{"rendered":"Conhe\u00e7a alguns destinos no interior de Minas Gerais para recuperar as energias"},"content":{"rendered":"<p>Viagem e Turismo<\/p>\n<p>O estado de Minas Gerais j\u00e1 tem um lugar no cora\u00e7\u00e3o do turista brasileiro com o seu circuito de Cidades Hist\u00f3ricas. O que nem todos desfrutam \u00e9 o alto potencial de destino para se fazer turismo rural, ecol\u00f3gico e espiritual.<\/p>\n<p>N\u00e3o faltam boas op\u00e7\u00f5es para se hospedar em fazendas, santu\u00e1rios e pousadas especiais para se desconectar um pouco dos problemas da cidade e desfrutar de toda a paz que os vales, serras e cachoeiras de Minas t\u00eam a oferecer.<\/p>\n<p>Por isso, conhe\u00e7a a nossa sele\u00e7\u00e3o de destinos que te ajudar\u00e3o a encontrar a paz interior em Minas Gerais.<\/p>\n<p>1. Concei\u00e7\u00e3o do Mato Dentro<\/p>\n<p>A cidadezinha de Concei\u00e7\u00e3o do Mato Dentro fica aos p\u00e9s da Serra do Espinha\u00e7o se considera a \u201cCapital Mineira do Ecoturismo\u201d. Chegar at\u00e9 a Cachoeira do Tabuleiro (foto), terceira maior do Brasil, \u00e9 passeio obrigat\u00f3rio. Mas al\u00e9m desse, voc\u00ea pode tamb\u00e9m conhecer a Cachoeira Rabo de Cavalo, a cachoeira Tr\u00eas Barras e, claro, curtir a pacatez que toma conta do munic\u00edpio.<\/p>\n<p>2. Vale do Matutu<\/p>\n<div id=\"attachment_135336\" style=\"width: 435px\" class=\"wp-caption aligncenter\"><img loading=\"lazy\" decoding=\"async\" aria-describedby=\"caption-attachment-135336\" class=\" wp-image-135336\" src=\"https:\/\/diarioregionaldigital.com.br\/wp-content\/uploads\/2019\/03\/foto-02-2-300x184.jpg\" alt=\"\" width=\"425\" height=\"260\" srcset=\"https:\/\/diarioregionaldigital.com.br\/wp-content\/uploads\/2019\/03\/foto-02-2-300x184.jpg 300w, https:\/\/diarioregionaldigital.com.br\/wp-content\/uploads\/2019\/03\/foto-02-2-768x472.jpg 768w, https:\/\/diarioregionaldigital.com.br\/wp-content\/uploads\/2019\/03\/foto-02-2-1024x630.jpg 1024w, https:\/\/diarioregionaldigital.com.br\/wp-content\/uploads\/2019\/03\/foto-02-2-360x221.jpg 360w, https:\/\/diarioregionaldigital.com.br\/wp-content\/uploads\/2019\/03\/foto-02-2.jpg 2048w\" sizes=\"auto, (max-width: 425px) 100vw, 425px\" \/><p id=\"caption-attachment-135336\" class=\"wp-caption-text\">O Vale do Matutu \u00e9 um bairro rural da cidade Aiuruoca, e \u00e9 reconhecimento pelas suas montanhas, cachoeiras e sua comunidade auto-sustent\u00e1vel. Foto: Divulga\u00e7\u00e3o<\/p><\/div>\n<p>As cachoeiras de Aiuruoca t\u00eam seus pequenos m\u00e9ritos, mas o que faz o Vale do Matutu especial \u00e9 a vibe. Quem se hospeda na Pousada do Matutu n\u00e3o tem direito a wi-fi, tampouco a sinal de celular ou 3G. Mas quando o sino toca n\u00e3o se pode perder as 4 refei\u00e7\u00f5es vegetarianas por dia (o caf\u00e9 da tarde tem bolo quentinho), preparadas com produtos da comunidade do Vale e servidas em uma mesa comunit\u00e1ria cheia de conversa. A inten\u00e7\u00e3o \u00e9 relaxar sem badala\u00e7\u00e3o: bebidas alco\u00f3licas n\u00e3o est\u00e3o liberadas na propriedade.<\/p>\n<p>3. Delfino\u0301polis<\/p>\n<div id=\"attachment_135337\" style=\"width: 436px\" class=\"wp-caption aligncenter\"><img loading=\"lazy\" decoding=\"async\" aria-describedby=\"caption-attachment-135337\" class=\" wp-image-135337\" src=\"https:\/\/diarioregionaldigital.com.br\/wp-content\/uploads\/2019\/03\/foto-03-2-300x200.jpg\" alt=\"\" width=\"426\" height=\"284\" srcset=\"https:\/\/diarioregionaldigital.com.br\/wp-content\/uploads\/2019\/03\/foto-03-2-300x200.jpg 300w, https:\/\/diarioregionaldigital.com.br\/wp-content\/uploads\/2019\/03\/foto-03-2-768x512.jpg 768w, https:\/\/diarioregionaldigital.com.br\/wp-content\/uploads\/2019\/03\/foto-03-2-1024x683.jpg 1024w, https:\/\/diarioregionaldigital.com.br\/wp-content\/uploads\/2019\/03\/foto-03-2-360x240.jpg 360w, https:\/\/diarioregionaldigital.com.br\/wp-content\/uploads\/2019\/03\/foto-03-2.jpg 2048w\" sizes=\"auto, (max-width: 426px) 100vw, 426px\" \/><p id=\"caption-attachment-135337\" class=\"wp-caption-text\">Muitas cachoeiras podem ser encontradas em Delfino\u0301polis. Foto: Divulga\u00e7\u00e3o<\/p><\/div>\n<p>Delfin\u00f3polis \u00e9 um dos munic\u00edpios com f\u00e1cil acesso ao Parque Nacional da Serra da Canastra. A parte zen est\u00e1 nas pousadinhas que ficam em fazendas um pouco afastadas do centro da cidade e do agito da lagoa. A Pousada \u00c1guas de Santo Ant\u00f4nio \u00e9 uma delas: d\u00e1 acesso livre ao complexo de cachoeiras do Luquinha, com trilhas f\u00e1ceis dentro da pr\u00f3pria fazenda.<\/p>\n<p>4. Pico da Bandeira<\/p>\n<div id=\"attachment_135338\" style=\"width: 433px\" class=\"wp-caption aligncenter\"><img loading=\"lazy\" decoding=\"async\" aria-describedby=\"caption-attachment-135338\" class=\" wp-image-135338\" src=\"https:\/\/diarioregionaldigital.com.br\/wp-content\/uploads\/2019\/03\/foto-04-1-300x200.jpg\" alt=\"\" width=\"423\" height=\"282\" srcset=\"https:\/\/diarioregionaldigital.com.br\/wp-content\/uploads\/2019\/03\/foto-04-1-300x200.jpg 300w, https:\/\/diarioregionaldigital.com.br\/wp-content\/uploads\/2019\/03\/foto-04-1-768x512.jpg 768w, https:\/\/diarioregionaldigital.com.br\/wp-content\/uploads\/2019\/03\/foto-04-1-1024x682.jpg 1024w, https:\/\/diarioregionaldigital.com.br\/wp-content\/uploads\/2019\/03\/foto-04-1-360x240.jpg 360w, https:\/\/diarioregionaldigital.com.br\/wp-content\/uploads\/2019\/03\/foto-04-1.jpg 1181w\" sizes=\"auto, (max-width: 423px) 100vw, 423px\" \/><p id=\"caption-attachment-135338\" class=\"wp-caption-text\">Pico da Bandeira: a terceira montanha mais alta do Brasil. Talvez resida, neste detalhe, o maior charme do Parque Nacional do Capara\u00f3, situado entre o Esp\u00edrito Santo (70%) e Minas Gerais (30%). Foto: Divulga\u00e7\u00e3o<\/p><\/div>\n<p>A terceira montanha mais alta do Brasil \u00e9 o Pico da Bandeira e est\u00e1 l\u00e1, a 2892 metros de altura, \u00e0 disposi\u00e7\u00e3o dos bem condicionados fisicamente. O Pico fica dentro do Parque Nacional do Capara\u00f3, na divisa entre Minas (onde o acesso \u00e9 feito por Alto Capar\u00f3) e Esp\u00edrito Santo. Caminhadas mais curtas e cachoeiras n\u00e3o faltam como op\u00e7\u00f5es aos que n\u00e3o se atrevem subir o Pico.<\/p>\n<p>5. Parque Natural do Cara\u00e7a<\/p>\n<div style=\"width: 437px\" class=\"wp-caption aligncenter\"><img loading=\"lazy\" decoding=\"async\" src=\"https:\/\/attachment.outlook.live.net\/owa\/savioduque@hotmail.com\/service.svc\/s\/GetAttachmentThumbnail?id=AQMkADAwATY0MDABLWExNzAtNTliZi0wMAItMDAKAEYAAAMXdqZGygkySKe%2FzuN1K2tiBwBgaEy5zGsrSpFLzKGce%2FaYAAACAQwAAABgaEy5zGsrSpFLzKGce%2FaYAAJfY7gFAAAAARIAEACXzGq9AzlqT49HPzmbP4KX&amp;thumbnailType=2&amp;owa=outlook.live.com&amp;scriptVer=2019021801.07&amp;isc=1&amp;X-OWA-CANARY=fzgdOsTUbkO2oRVMydz97UB0Cz0Ko9YYM3Zpa2SiM6Ms0t6ch_84krJR4ypXkhatAFRslfnXAmY.&amp;token=eyJhbGciOiJSUzI1NiIsImtpZCI6IjA2MDBGOUY2NzQ2MjA3MzdFNzM0MDRFMjg3QzQ1QTgxOENCN0NFQjgiLCJ4NXQiOiJCZ0Q1OW5SaUJ6Zm5OQVRpaDhSYWdZeTN6cmciLCJ0eXAiOiJKV1QifQ.eyJ2ZXIiOiJFeGNoYW5nZS5DYWxsYmFjay5WMSIsImFwcGN0eHNlbmRlciI6Ik93YURvd25sb2FkQDg0ZGY5ZTdmLWU5ZjYtNDBhZi1iNDM1LWFhYWFhYWFhYWFhYSIsImFwcGN0eCI6IntcIm1zZXhjaHByb3RcIjpcIm93YVwiLFwicHJpbWFyeXNpZFwiOlwiUy0xLTI4MjctNDA5NjAwLTI3MDg0OTQ3ODNcIixcInB1aWRcIjpcIjE3NTkyMjEzMTI5MzYzODNcIixcIm9pZFwiOlwiMDAwNjQwMDAtYTE3MC01OWJmLTAwMDAtMDAwMDAwMDAwMDAwXCIsXCJzY29wZVwiOlwiT3dhRG93bmxvYWRcIn0iLCJuYmYiOjE1NTE5NjkzNDgsImV4cCI6MTU1MTk2OTk0OCwiaXNzIjoiMDAwMDAwMDItMDAwMC0wZmYxLWNlMDAtMDAwMDAwMDAwMDAwQDg0ZGY5ZTdmLWU5ZjYtNDBhZi1iNDM1LWFhYWFhYWFhYWFhYSIsImF1ZCI6IjAwMDAwMDAyLTAwMDAtMGZmMS1jZTAwLTAwMDAwMDAwMDAwMC9hdHRhY2htZW50Lm91dGxvb2subGl2ZS5uZXRAODRkZjllN2YtZTlmNi00MGFmLWI0MzUtYWFhYWFhYWFhYWFhIn0.p8x_EoNEqyT9xxZlw6kdYtZ3vPRMANBd4C5lbsKDYumF6Iq5l-aBND0fa7bLthFnEBmfqJZtBLydqjL2XMn7mU1l-PTD85LwR7BG8d9aI7xL3l5aP7CPFU253xvV_UqHljKHg4vqWiQmFCaH5ZczaIbi9m3dmnM-epHF_M0jzMjsrPlc0vYcMgcR-h1Fi0DKD_SSJ4WTSr8FGUNQyUgCRkV-wkrg5jmEh9ve-T7ActvYT2OL-s_uIGU4qKAS0ImMUwEQ73R52xoHHpI2NvKtowJY__6In-D0mneXrZCBuhwc4NNMrZZwpbYukFob4thI4FJXnNaBIsGHR-82pi4JRg&amp;animation=true\" alt=\"\" width=\"427\" height=\"321\" \/><p class=\"wp-caption-text\">No parque Natural do Cara\u00e7a, \u00e1reas de transi\u00e7\u00e3o entre Cerrado e Mata Atl\u00e2ntica espalham-se pela Serra do Espinha\u00e7o, em altitudes entre 1 300 m e 2 000 m. Foto: Divulga\u00e7\u00e3o<\/p><\/div>\n<p>A especula\u00e7\u00e3o tur\u00edstica ainda \u00e9 leve pela regi\u00e3o de Santa B\u00e1rbara, no Parque Natural do Cara\u00e7a, que pode servir como destino de ver\u00e3o para curtir as cachoeiras ou de inverno para curtir o sossego e o c\u00e9u estrelado. Hospedar-se no Santu\u00e1rio do Cara\u00e7a presenteia com a oportunidade de ver um lobo-guar\u00e1 na calada da noite ir buscar carne da bandeja de um padre a poucos metros dos viajantes.<\/p>\n","protected":false},"excerpt":{"rendered":"<p>Viagem e Turismo O estado de Minas Gerais j\u00e1 tem um lugar no cora\u00e7\u00e3o do turista brasileiro com o seu circuito de Cidades Hist\u00f3ricas. O que nem todos desfrutam \u00e9 o alto potencial de destino para se fazer turismo rural, ecol\u00f3gico e espiritual. N\u00e3o faltam boas op\u00e7\u00f5es para se hospedar em fazendas, santu\u00e1rios e pousadas [&hellip;]<\/p>\n","protected":false},"author":96,"featured_media":135335,"comment_status":"closed","ping_status":"closed","sticky":false,"template":"","format":"standard","meta":{"footnotes":""},"categories":[435,284],"tags":[],"class_list":["post-135333","post","type-post","status-publish","format-standard","has-post-thumbnail","hentry","category-colunas","category-turismo-rosa-oliveira"],"_links":{"self":[{"href":"https:\/\/diarioregionaldigital.com.br\/index.php?rest_route=\/wp\/v2\/posts\/135333","targetHints":{"allow":["GET"]}}],"collection":[{"href":"https:\/\/diarioregionaldigital.com.br\/index.php?rest_route=\/wp\/v2\/posts"}],"about":[{"href":"https:\/\/diarioregionaldigital.com.br\/index.php?rest_route=\/wp\/v2\/types\/post"}],"author":[{"embeddable":true,"href":"https:\/\/diarioregionaldigital.com.br\/index.php?rest_route=\/wp\/v2\/users\/96"}],"replies":[{"embeddable":true,"href":"https:\/\/diarioregionaldigital.com.br\/index.php?rest_route=%2Fwp%2Fv2%2Fcomments&post=135333"}],"version-history":[{"count":0,"href":"https:\/\/diarioregionaldigital.com.br\/index.php?rest_route=\/wp\/v2\/posts\/135333\/revisions"}],"wp:featuredmedia":[{"embeddable":true,"href":"https:\/\/diarioregionaldigital.com.br\/index.php?rest_route=\/wp\/v2\/media\/135335"}],"wp:attachment":[{"href":"https:\/\/diarioregionaldigital.com.br\/index.php?rest_route=%2Fwp%2Fv2%2Fmedia&parent=135333"}],"wp:term":[{"taxonomy":"category","embeddable":true,"href":"https:\/\/diarioregionaldigital.com.br\/index.php?rest_route=%2Fwp%2Fv2%2Fcategories&post=135333"},{"taxonomy":"post_tag","embeddable":true,"href":"https:\/\/diarioregionaldigital.com.br\/index.php?rest_route=%2Fwp%2Fv2%2Ftags&post=135333"}],"curies":[{"name":"wp","href":"https:\/\/api.w.org\/{rel}","templated":true}]}}