{"id":135315,"date":"2019-03-06T19:02:35","date_gmt":"2019-03-06T22:02:35","guid":{"rendered":"https:\/\/diarioregionaldigital.com.br\/?p=135315"},"modified":"2019-03-06T19:02:35","modified_gmt":"2019-03-06T22:02:35","slug":"mangueira-e-a-campea-do-carnaval-carioca-de-2019","status":"publish","type":"post","link":"https:\/\/diarioregionaldigital.com.br\/?p=135315","title":{"rendered":"Mangueira \u00e9 a campe\u00e3 do carnaval carioca de 2019"},"content":{"rendered":"<p>A Esta\u00e7\u00e3o Primeira de Mangueira \u00e9 a\u00a0grande campe\u00e3 do carnaval carioca. O resultado do grupo especial do Rio\u00a0de Janeiro\u00a0foi divulgado no in\u00edcio da noite desta quarta-feira, 6.\u00a0Em segundo lugar, ficou a Unidos do Viradouro e, em terceiro, a Vila Isabel<\/p>\n<p>A Mangueira desfilou na\u00a0segunda-feira, 4, na Sapuca\u00ed, com o\u00a0enredo \u201cHist\u00f3ria pra ninar gente grande\u201d, do carnavalesco Leandro Vieira, a escola conta a hist\u00f3ria do Brasil\u00a0pela \u00f3tica dos her\u00f3is populares.<\/p>\n<p>Da hist\u00f3ria recente, al\u00e9m de Jamel\u00e3o, est\u00e3o a cantora e compositora mangueirense Leci Brand\u00e3o, e a vereadora Marielle Franco, assassinada em\u00a014 de mar\u00e7o de 2018, ao lado do motorista Anderson Pedro Gomes.\u00a0A vi\u00fava da vereadora,\u00a0M\u00f4nica Ben\u00edcio, participou do desfile.<\/p>\n<p>As escolas foram avaliadas quanto a\u00a0bateria, samba-enredo, harmonia, evolu\u00e7\u00e3o, enredo, mestre-sala e porta-bandeira, alegorias e adere\u00e7os, fantasias e comiss\u00e3o de frente.<\/p>\n<p>A Mangueira obteve a pontua\u00e7\u00e3o m\u00e1xima em todos os quesitos.<\/p>\n<p>&nbsp;<\/p>\n<p><strong>Outras escolas<\/strong><\/p>\n<p>A Unidos do Viradouro\u00a0desfilou com o enredo Viraviradouro,\u00a0que apresenta as hist\u00f3rias que as av\u00f3s contavam. O enredo com o universo de hist\u00f3rias infantis e de contos de fadas tem no final uma floresta encantada.\u00a0A escola voltou ao grupo especial depois de tr\u00eas anos na S\u00e9rie A (antigo grupo de acesso).<\/p>\n<p>J\u00e1 a Vila Isabel falou da luta por justi\u00e7a e contra a desigualdade racial. A fam\u00edlia da vereadora Marielle Franco desfilou no \u00faltimo carro.<\/p>\n<p>As duas escolas que ficaram nas \u00faltimas coloca\u00e7\u00f5es ser\u00e3o rebaixadas para o Grupo de Acesso A:\u00a0Imperatriz Leopoldinense e a Imp\u00e9rio Serrano.<\/p>\n<p>As seis primeiras colocadas desfilam novamente no pr\u00f3ximo\u00a0s\u00e1bado, 9. Al\u00e9m das tr\u00eas primeiras, desfilam a Portela, Salgueiro e Mocidade.<\/p>\n<p>&nbsp;<\/p>\n","protected":false},"excerpt":{"rendered":"<p>A Esta\u00e7\u00e3o Primeira de Mangueira \u00e9 a\u00a0grande campe\u00e3 do carnaval carioca. O resultado do grupo especial do Rio\u00a0de Janeiro\u00a0foi divulgado no in\u00edcio da noite desta quarta-feira, 6.\u00a0Em segundo lugar, ficou a Unidos do Viradouro e, em terceiro, a Vila Isabel A Mangueira desfilou na\u00a0segunda-feira, 4, na Sapuca\u00ed, com o\u00a0enredo \u201cHist\u00f3ria pra ninar gente grande\u201d, do [&hellip;]<\/p>\n","protected":false},"author":96,"featured_media":135316,"comment_status":"closed","ping_status":"closed","sticky":false,"template":"","format":"standard","meta":{"footnotes":""},"categories":[302,436,440,439],"tags":[],"class_list":["post-135315","post","type-post","status-publish","format-standard","has-post-thumbnail","hentry","category-brasil-mundo","category-destaque-da-semana","category-destaques-do-dia","category-ultima-hora"],"_links":{"self":[{"href":"https:\/\/diarioregionaldigital.com.br\/index.php?rest_route=\/wp\/v2\/posts\/135315","targetHints":{"allow":["GET"]}}],"collection":[{"href":"https:\/\/diarioregionaldigital.com.br\/index.php?rest_route=\/wp\/v2\/posts"}],"about":[{"href":"https:\/\/diarioregionaldigital.com.br\/index.php?rest_route=\/wp\/v2\/types\/post"}],"author":[{"embeddable":true,"href":"https:\/\/diarioregionaldigital.com.br\/index.php?rest_route=\/wp\/v2\/users\/96"}],"replies":[{"embeddable":true,"href":"https:\/\/diarioregionaldigital.com.br\/index.php?rest_route=%2Fwp%2Fv2%2Fcomments&post=135315"}],"version-history":[{"count":0,"href":"https:\/\/diarioregionaldigital.com.br\/index.php?rest_route=\/wp\/v2\/posts\/135315\/revisions"}],"wp:featuredmedia":[{"embeddable":true,"href":"https:\/\/diarioregionaldigital.com.br\/index.php?rest_route=\/wp\/v2\/media\/135316"}],"wp:attachment":[{"href":"https:\/\/diarioregionaldigital.com.br\/index.php?rest_route=%2Fwp%2Fv2%2Fmedia&parent=135315"}],"wp:term":[{"taxonomy":"category","embeddable":true,"href":"https:\/\/diarioregionaldigital.com.br\/index.php?rest_route=%2Fwp%2Fv2%2Fcategories&post=135315"},{"taxonomy":"post_tag","embeddable":true,"href":"https:\/\/diarioregionaldigital.com.br\/index.php?rest_route=%2Fwp%2Fv2%2Ftags&post=135315"}],"curies":[{"name":"wp","href":"https:\/\/api.w.org\/{rel}","templated":true}]}}