{"id":135311,"date":"2019-03-06T18:36:54","date_gmt":"2019-03-06T21:36:54","guid":{"rendered":"https:\/\/diarioregionaldigital.com.br\/?p=135311"},"modified":"2019-03-06T18:36:54","modified_gmt":"2019-03-06T21:36:54","slug":"previsao-de-pancadas-de-chuva-e-trovoada-para-a-tarde-desta-quinta","status":"publish","type":"post","link":"https:\/\/diarioregionaldigital.com.br\/?p=135311","title":{"rendered":"Previs\u00e3o de pancadas de chuva e trovoada para a tarde desta quinta"},"content":{"rendered":"<p>Manh\u00e3 com o tempo parcialmente nublado a nublado, com possibilidade de chuva em \u00e1reas isoladas, para esta quinta-feira, 7, segundo a previs\u00e3o do Instituto Nacional de Meteorologia (INMET). No per\u00edodo da tarde, o tempo permanecer\u00e1 parcialmente nublado a nublado, por\u00e9m, com pancadas de chuva e trovoadas, j\u00e1 \u00e0 noite o c\u00e9u fica nublado com possibilidades de chuva em \u00e1reas isoladas. A temperatura m\u00ednima prevista \u00e9 de 17\u00b0C e m\u00e1xima de 35\u00b0C.<\/p>\n<p>A sexta-feira, 8, ser\u00e1 de c\u00e9u com muitas nuvens, com tend\u00eancia est\u00e1vel, a temperatura m\u00ednima ficar\u00e1 nos 20\u00b0C podendo chegar a m\u00e1xima de 30\u00b0C.<\/p>\n<p>No s\u00e1bado o tempo ficar\u00e1 encoberto, com a temperatura entre 20\u00b0C e 31\u00b0C. O domingo ser\u00e1 de muitas nuvens e com chuviscos, com a tend\u00eancia m\u00e1xima em decl\u00ednio, segundo o INMET a temperatura m\u00ednima chegar\u00e1 aos 21\u00b0C.<\/p>\n","protected":false},"excerpt":{"rendered":"<p>Manh\u00e3 com o tempo parcialmente nublado a nublado, com possibilidade de chuva em \u00e1reas isoladas, para esta quinta-feira, 7, segundo a previs\u00e3o do Instituto Nacional de Meteorologia (INMET). No per\u00edodo da tarde, o tempo permanecer\u00e1 parcialmente nublado a nublado, por\u00e9m, com pancadas de chuva e trovoadas, j\u00e1 \u00e0 noite o c\u00e9u fica nublado com possibilidades [&hellip;]<\/p>\n","protected":false},"author":96,"featured_media":135312,"comment_status":"closed","ping_status":"closed","sticky":false,"template":"","format":"standard","meta":{"footnotes":""},"categories":[253,436,440,439],"tags":[],"class_list":["post-135311","post","type-post","status-publish","format-standard","has-post-thumbnail","hentry","category-cidade","category-destaque-da-semana","category-destaques-do-dia","category-ultima-hora"],"_links":{"self":[{"href":"https:\/\/diarioregionaldigital.com.br\/index.php?rest_route=\/wp\/v2\/posts\/135311","targetHints":{"allow":["GET"]}}],"collection":[{"href":"https:\/\/diarioregionaldigital.com.br\/index.php?rest_route=\/wp\/v2\/posts"}],"about":[{"href":"https:\/\/diarioregionaldigital.com.br\/index.php?rest_route=\/wp\/v2\/types\/post"}],"author":[{"embeddable":true,"href":"https:\/\/diarioregionaldigital.com.br\/index.php?rest_route=\/wp\/v2\/users\/96"}],"replies":[{"embeddable":true,"href":"https:\/\/diarioregionaldigital.com.br\/index.php?rest_route=%2Fwp%2Fv2%2Fcomments&post=135311"}],"version-history":[{"count":0,"href":"https:\/\/diarioregionaldigital.com.br\/index.php?rest_route=\/wp\/v2\/posts\/135311\/revisions"}],"wp:featuredmedia":[{"embeddable":true,"href":"https:\/\/diarioregionaldigital.com.br\/index.php?rest_route=\/wp\/v2\/media\/135312"}],"wp:attachment":[{"href":"https:\/\/diarioregionaldigital.com.br\/index.php?rest_route=%2Fwp%2Fv2%2Fmedia&parent=135311"}],"wp:term":[{"taxonomy":"category","embeddable":true,"href":"https:\/\/diarioregionaldigital.com.br\/index.php?rest_route=%2Fwp%2Fv2%2Fcategories&post=135311"},{"taxonomy":"post_tag","embeddable":true,"href":"https:\/\/diarioregionaldigital.com.br\/index.php?rest_route=%2Fwp%2Fv2%2Ftags&post=135311"}],"curies":[{"name":"wp","href":"https:\/\/api.w.org\/{rel}","templated":true}]}}