{"id":135308,"date":"2019-03-06T18:30:33","date_gmt":"2019-03-06T21:30:33","guid":{"rendered":"https:\/\/diarioregionaldigital.com.br\/?p=135308"},"modified":"2019-03-06T18:30:33","modified_gmt":"2019-03-06T21:30:33","slug":"agentes-penitenciarios-sao-alvos-de-tiros-em-juiz-de-fora","status":"publish","type":"post","link":"https:\/\/diarioregionaldigital.com.br\/?p=135308","title":{"rendered":"Agentes Penitenci\u00e1rios s\u00e3o alvos de tiros em Juiz de Fora"},"content":{"rendered":"<p>Dois agentes da Penitenci\u00e1ria Jos\u00e9 Edson Cavalieri, de 40 e 43 anos, foram alvos de disparos de arma de fogo na madrugada dessa ter\u00e7a-feira, 5.<\/p>\n<p>Segundo informa\u00e7\u00f5es da Pol\u00edcia Militar, os agentes estavam de servi\u00e7o da guarita quando ouviram barulhos de tiros saindo do pasto localizado atr\u00e1s da penitenci\u00e1ria. Imediatamente eles acionaram o refor\u00e7o para patrulharem o local.<\/p>\n<p>Os agentes atiraram v\u00e1rias vezes com balas de borracha na dire\u00e7\u00e3o de onde estariam vindo os tiros dos criminosos. Ningu\u00e9m ficou ferido e nenhum suspeito foi encontrado.<\/p>\n","protected":false},"excerpt":{"rendered":"<p>Dois agentes da Penitenci\u00e1ria Jos\u00e9 Edson Cavalieri, de 40 e 43 anos, foram alvos de disparos de arma de fogo na madrugada dessa ter\u00e7a-feira, 5. Segundo informa\u00e7\u00f5es da Pol\u00edcia Militar, os agentes estavam de servi\u00e7o da guarita quando ouviram barulhos de tiros saindo do pasto localizado atr\u00e1s da penitenci\u00e1ria. Imediatamente eles acionaram o refor\u00e7o para [&hellip;]<\/p>\n","protected":false},"author":96,"featured_media":130741,"comment_status":"closed","ping_status":"closed","sticky":false,"template":"","format":"standard","meta":{"footnotes":""},"categories":[253,436,439],"tags":[],"class_list":["post-135308","post","type-post","status-publish","format-standard","has-post-thumbnail","hentry","category-cidade","category-destaque-da-semana","category-ultima-hora"],"_links":{"self":[{"href":"https:\/\/diarioregionaldigital.com.br\/index.php?rest_route=\/wp\/v2\/posts\/135308","targetHints":{"allow":["GET"]}}],"collection":[{"href":"https:\/\/diarioregionaldigital.com.br\/index.php?rest_route=\/wp\/v2\/posts"}],"about":[{"href":"https:\/\/diarioregionaldigital.com.br\/index.php?rest_route=\/wp\/v2\/types\/post"}],"author":[{"embeddable":true,"href":"https:\/\/diarioregionaldigital.com.br\/index.php?rest_route=\/wp\/v2\/users\/96"}],"replies":[{"embeddable":true,"href":"https:\/\/diarioregionaldigital.com.br\/index.php?rest_route=%2Fwp%2Fv2%2Fcomments&post=135308"}],"version-history":[{"count":0,"href":"https:\/\/diarioregionaldigital.com.br\/index.php?rest_route=\/wp\/v2\/posts\/135308\/revisions"}],"wp:featuredmedia":[{"embeddable":true,"href":"https:\/\/diarioregionaldigital.com.br\/index.php?rest_route=\/wp\/v2\/media\/130741"}],"wp:attachment":[{"href":"https:\/\/diarioregionaldigital.com.br\/index.php?rest_route=%2Fwp%2Fv2%2Fmedia&parent=135308"}],"wp:term":[{"taxonomy":"category","embeddable":true,"href":"https:\/\/diarioregionaldigital.com.br\/index.php?rest_route=%2Fwp%2Fv2%2Fcategories&post=135308"},{"taxonomy":"post_tag","embeddable":true,"href":"https:\/\/diarioregionaldigital.com.br\/index.php?rest_route=%2Fwp%2Fv2%2Ftags&post=135308"}],"curies":[{"name":"wp","href":"https:\/\/api.w.org\/{rel}","templated":true}]}}