{"id":135306,"date":"2019-03-06T18:33:23","date_gmt":"2019-03-06T21:33:23","guid":{"rendered":"https:\/\/diarioregionaldigital.com.br\/?p=135306"},"modified":"2019-03-06T18:33:23","modified_gmt":"2019-03-06T21:33:23","slug":"mais-de-2-mil-calouros-iniciam-semestre-letivo-na-ufjf","status":"publish","type":"post","link":"https:\/\/diarioregionaldigital.com.br\/?p=135306","title":{"rendered":"Mais de 2 mil calouros iniciam semestre letivo na UFJF"},"content":{"rendered":"<p>Na pr\u00f3xima segunda-feira, 11 de mar\u00e7o, os corredores da Universidade Federal de Juiz de Fora (UFJF) voltam a ficar movimentados com o in\u00edcio do calend\u00e1rio acad\u00eamico de 2019. Ap\u00f3s o carnaval, no geral, a UFJF recebe mais de 22 mil alunos de gradua\u00e7\u00e3o e p\u00f3s-gradua\u00e7\u00e3o. Nos campi de Juiz de Fora e Governador Valadares, mais de 2.600 calouros confirmaram matr\u00edcula e v\u00e3o dar in\u00edcio a mais um semestre letivo.<\/p>\n<p>A recep\u00e7\u00e3o dos novos universit\u00e1rios, como acontece desde 2017, ser\u00e1 feita com evento de apresenta\u00e7\u00e3o \u00e0 Universidade e atra\u00e7\u00f5es culturais ao ar livre nos dois campi. No dia 12, calouros e veteranos est\u00e3o convidados \u00e0 recep\u00e7\u00e3o no campus sede, na Pra\u00e7a C\u00edvica, das 17h \u00e0s 19h. Al\u00e9m das boas-vindas dadas pelo reitor Marcus David e por representantes do Conselho Superior (Consu) da UFJF, haver\u00e1, tamb\u00e9m, a distribui\u00e7\u00e3o de uma cartilha sobre a Ouvidoria e sobre as principais d\u00favidas que os novos alunos t\u00eam sobre a Universidade.As GuerreirasdeClaraser\u00e3oasrespons\u00e1veis pela apresenta\u00e7\u00e3o cultural. O bloco homenageia a int\u00e9rprete mineira Clara Nunes.<\/p>\n<p>O campus avan\u00e7ado, por sua vez, ter\u00e1 acolhimento pr\u00f3prio no dia 18, tamb\u00e9m com boas-vindas do reitor e orienta\u00e7\u00f5es acerca do funcionamento da institui\u00e7\u00e3o. A cerim\u00f4nia est\u00e1 marcada para ter in\u00edcio \u00e0s 10h.<\/p>\n<p>&nbsp;<\/p>\n","protected":false},"excerpt":{"rendered":"<p>Na pr\u00f3xima segunda-feira, 11 de mar\u00e7o, os corredores da Universidade Federal de Juiz de Fora (UFJF) voltam a ficar movimentados com o in\u00edcio do calend\u00e1rio acad\u00eamico de 2019. Ap\u00f3s o carnaval, no geral, a UFJF recebe mais de 22 mil alunos de gradua\u00e7\u00e3o e p\u00f3s-gradua\u00e7\u00e3o. Nos campi de Juiz de Fora e Governador Valadares, mais [&hellip;]<\/p>\n","protected":false},"author":96,"featured_media":133880,"comment_status":"closed","ping_status":"closed","sticky":false,"template":"","format":"standard","meta":{"footnotes":""},"categories":[253,436,440,439],"tags":[],"class_list":["post-135306","post","type-post","status-publish","format-standard","has-post-thumbnail","hentry","category-cidade","category-destaque-da-semana","category-destaques-do-dia","category-ultima-hora"],"_links":{"self":[{"href":"https:\/\/diarioregionaldigital.com.br\/index.php?rest_route=\/wp\/v2\/posts\/135306","targetHints":{"allow":["GET"]}}],"collection":[{"href":"https:\/\/diarioregionaldigital.com.br\/index.php?rest_route=\/wp\/v2\/posts"}],"about":[{"href":"https:\/\/diarioregionaldigital.com.br\/index.php?rest_route=\/wp\/v2\/types\/post"}],"author":[{"embeddable":true,"href":"https:\/\/diarioregionaldigital.com.br\/index.php?rest_route=\/wp\/v2\/users\/96"}],"replies":[{"embeddable":true,"href":"https:\/\/diarioregionaldigital.com.br\/index.php?rest_route=%2Fwp%2Fv2%2Fcomments&post=135306"}],"version-history":[{"count":0,"href":"https:\/\/diarioregionaldigital.com.br\/index.php?rest_route=\/wp\/v2\/posts\/135306\/revisions"}],"wp:featuredmedia":[{"embeddable":true,"href":"https:\/\/diarioregionaldigital.com.br\/index.php?rest_route=\/wp\/v2\/media\/133880"}],"wp:attachment":[{"href":"https:\/\/diarioregionaldigital.com.br\/index.php?rest_route=%2Fwp%2Fv2%2Fmedia&parent=135306"}],"wp:term":[{"taxonomy":"category","embeddable":true,"href":"https:\/\/diarioregionaldigital.com.br\/index.php?rest_route=%2Fwp%2Fv2%2Fcategories&post=135306"},{"taxonomy":"post_tag","embeddable":true,"href":"https:\/\/diarioregionaldigital.com.br\/index.php?rest_route=%2Fwp%2Fv2%2Ftags&post=135306"}],"curies":[{"name":"wp","href":"https:\/\/api.w.org\/{rel}","templated":true}]}}