{"id":135303,"date":"2019-03-06T18:23:59","date_gmt":"2019-03-06T21:23:59","guid":{"rendered":"https:\/\/diarioregionaldigital.com.br\/?p=135303"},"modified":"2019-03-06T18:28:22","modified_gmt":"2019-03-06T21:28:22","slug":"justica-reconhece-direito-a-licenca-maternidade-de-servidora-da-pjf","status":"publish","type":"post","link":"https:\/\/diarioregionaldigital.com.br\/?p=135303","title":{"rendered":"Justi\u00e7a reconhece direito \u00e0 licen\u00e7a maternidade de servidora da PJF"},"content":{"rendered":"<p>O Tribunal de Justi\u00e7a de Minas Gerais (TJMG) reconheceu o direito de uma servidora do Munic\u00edpio de Juiz de Fora que adotou uma crian\u00e7a \u00e0 licen\u00e7a-maternidade pelo per\u00edodo de 180 dias.<\/p>\n<p>Inicialmente, conforme os autos, a Prefeitura de Juiz de Fora (PJF) concedeu o afastamento por 90 dias, o que implicou o ajuizamento do mandado de seguran\u00e7a. Em primeira inst\u00e2ncia, foi concedida a ordem de seguran\u00e7a, confirmando o direito da servidora \u00e0 licen\u00e7a-maternidade de 180 dias.<\/p>\n<p>Conforme divulgado pelo \u00f3rg\u00e3o na \u00faltima ter\u00e7a-feira, 5, a administra\u00e7\u00e3o municipal chegou a recorrer alegando que a lei n\u00e3o viola o disposto na Constitui\u00e7\u00e3o Federal, pois distingue n\u00e3o os filhos, mas as m\u00e3es que est\u00e3o em situa\u00e7\u00f5es jur\u00eddicas distintas.O Poder P\u00fablico ainda argumentou que a m\u00e3e biol\u00f3gica sofre mudan\u00e7as f\u00edsicas e ps\u00edquicas, mas a adotante n\u00e3o passa por modifica\u00e7\u00f5es biol\u00f3gicas,dizendo ainda que a situa\u00e7\u00e3o jur\u00eddica justifica a concess\u00e3o de per\u00edodo diferenciado de licen\u00e7a.<\/p>\n<p>A relatora, desembargadora Hilda Teixeira da Costa, ao analisar a a\u00e7\u00e3o, citou as leis do munic\u00edpio garantindo per\u00edodos de licen\u00e7a-maternidade diferentes para servidoras gestantes e para m\u00e3es adotantes. A magistrada considerou o entendimento do Supremo Tribunal Federal (STF) de que os prazos da licen\u00e7a da adotante n\u00e3o podem ser inferiores aos prazos concedidos \u00e0s gestantes, o mesmo valendo para as respectivas prorroga\u00e7\u00f5es. A relatora ressaltou que o TJMG tamb\u00e9m vem se manifestando dessa forma em julgamentos recentes.<\/p>\n<p>Sendo assim, considerando que o indeferimento da licen\u00e7a \u00e0\u00a0adotante pelo prazo de 180 dias fere o princ\u00edpio da igualdade amparado na Constitui\u00e7\u00e3o Federal, a relatora entendeu que restou configurado o ato ilegal ou arbitr\u00e1rio, estando presente o direito l\u00edquido e certo da impetrante.<\/p>\n<p>A crian\u00e7a nasceu em setembro de 2013 e a tramita\u00e7\u00e3o come\u00e7ou no ano seguinte. A decis\u00e3o que concedeu ordem de seguran\u00e7a confirmando o direito da servidora \u00e0 licen\u00e7a-maternidade de 180 dias saiu em 2018. Segundo o TJMG, a causa foi baixada, pois a decis\u00e3o transitou em julgado. Acompanharam a relatora o juiz convocado Baeta Neves e o desembargador Caetano Levi Lopes.<\/p>\n<p>O Di\u00e1rio Regional entrou em contato com a PJF e aguarda retorno.<\/p>\n","protected":false},"excerpt":{"rendered":"<p>O Tribunal de Justi\u00e7a de Minas Gerais (TJMG) reconheceu o direito de uma servidora do Munic\u00edpio de Juiz de Fora que adotou uma crian\u00e7a \u00e0 licen\u00e7a-maternidade pelo per\u00edodo de 180 dias. Inicialmente, conforme os autos, a Prefeitura de Juiz de Fora (PJF) concedeu o afastamento por 90 dias, o que implicou o ajuizamento do mandado [&hellip;]<\/p>\n","protected":false},"author":96,"featured_media":129482,"comment_status":"closed","ping_status":"closed","sticky":false,"template":"","format":"standard","meta":{"footnotes":""},"categories":[253,436,440,439],"tags":[],"class_list":["post-135303","post","type-post","status-publish","format-standard","has-post-thumbnail","hentry","category-cidade","category-destaque-da-semana","category-destaques-do-dia","category-ultima-hora"],"_links":{"self":[{"href":"https:\/\/diarioregionaldigital.com.br\/index.php?rest_route=\/wp\/v2\/posts\/135303","targetHints":{"allow":["GET"]}}],"collection":[{"href":"https:\/\/diarioregionaldigital.com.br\/index.php?rest_route=\/wp\/v2\/posts"}],"about":[{"href":"https:\/\/diarioregionaldigital.com.br\/index.php?rest_route=\/wp\/v2\/types\/post"}],"author":[{"embeddable":true,"href":"https:\/\/diarioregionaldigital.com.br\/index.php?rest_route=\/wp\/v2\/users\/96"}],"replies":[{"embeddable":true,"href":"https:\/\/diarioregionaldigital.com.br\/index.php?rest_route=%2Fwp%2Fv2%2Fcomments&post=135303"}],"version-history":[{"count":0,"href":"https:\/\/diarioregionaldigital.com.br\/index.php?rest_route=\/wp\/v2\/posts\/135303\/revisions"}],"wp:featuredmedia":[{"embeddable":true,"href":"https:\/\/diarioregionaldigital.com.br\/index.php?rest_route=\/wp\/v2\/media\/129482"}],"wp:attachment":[{"href":"https:\/\/diarioregionaldigital.com.br\/index.php?rest_route=%2Fwp%2Fv2%2Fmedia&parent=135303"}],"wp:term":[{"taxonomy":"category","embeddable":true,"href":"https:\/\/diarioregionaldigital.com.br\/index.php?rest_route=%2Fwp%2Fv2%2Fcategories&post=135303"},{"taxonomy":"post_tag","embeddable":true,"href":"https:\/\/diarioregionaldigital.com.br\/index.php?rest_route=%2Fwp%2Fv2%2Ftags&post=135303"}],"curies":[{"name":"wp","href":"https:\/\/api.w.org\/{rel}","templated":true}]}}