{"id":135265,"date":"2019-03-06T13:43:30","date_gmt":"2019-03-06T16:43:30","guid":{"rendered":"https:\/\/diarioregionaldigital.com.br\/?p=135265"},"modified":"2019-03-06T13:43:30","modified_gmt":"2019-03-06T16:43:30","slug":"bolsa-abre-em-baixa-na-quarta-feira-de-cinzas-dolar-e-euro-tem-alta","status":"publish","type":"post","link":"https:\/\/diarioregionaldigital.com.br\/?p=135265","title":{"rendered":"Bolsa abre em baixa na quarta-feira de cinzas; d\u00f3lar e euro t\u00eam alta"},"content":{"rendered":"<p>O Ibovespa, principal \u00edndice da B3, abriu nesta quarta, 6, em baixa. \u00c0s 10h25 a bolsa operava em queda de -1,03%, marcando 94.603 pontos. As a\u00e7\u00f5es mais negociadas eram as da Vale (- 0,76%), as da Petrobras em ( &#8211; 0,36%) e as do Bradesco (- 1,66%).<\/p>\n<p>O d\u00f3lar registra alta de 0,85%, valendo R$ 3,78. O euro tamb\u00e9m tem valoriza\u00e7\u00e3o de 0,74%, sendo cotado a R$ 4,30.<\/p>\n<p>&nbsp;<\/p>\n<p>Fonte: Ag\u00eancia Brasil<\/p>\n","protected":false},"excerpt":{"rendered":"<p>O Ibovespa, principal \u00edndice da B3, abriu nesta quarta, 6, em baixa. \u00c0s 10h25 a bolsa operava em queda de -1,03%, marcando 94.603 pontos. As a\u00e7\u00f5es mais negociadas eram as da Vale (- 0,76%), as da Petrobras em ( &#8211; 0,36%) e as do Bradesco (- 1,66%). O d\u00f3lar registra alta de 0,85%, valendo R$ [&hellip;]<\/p>\n","protected":false},"author":96,"featured_media":135266,"comment_status":"closed","ping_status":"closed","sticky":false,"template":"","format":"standard","meta":{"footnotes":""},"categories":[436,261,262,439],"tags":[],"class_list":["post-135265","post","type-post","status-publish","format-standard","has-post-thumbnail","hentry","category-destaque-da-semana","category-economia","category-noticias","category-ultima-hora"],"_links":{"self":[{"href":"https:\/\/diarioregionaldigital.com.br\/index.php?rest_route=\/wp\/v2\/posts\/135265","targetHints":{"allow":["GET"]}}],"collection":[{"href":"https:\/\/diarioregionaldigital.com.br\/index.php?rest_route=\/wp\/v2\/posts"}],"about":[{"href":"https:\/\/diarioregionaldigital.com.br\/index.php?rest_route=\/wp\/v2\/types\/post"}],"author":[{"embeddable":true,"href":"https:\/\/diarioregionaldigital.com.br\/index.php?rest_route=\/wp\/v2\/users\/96"}],"replies":[{"embeddable":true,"href":"https:\/\/diarioregionaldigital.com.br\/index.php?rest_route=%2Fwp%2Fv2%2Fcomments&post=135265"}],"version-history":[{"count":0,"href":"https:\/\/diarioregionaldigital.com.br\/index.php?rest_route=\/wp\/v2\/posts\/135265\/revisions"}],"wp:featuredmedia":[{"embeddable":true,"href":"https:\/\/diarioregionaldigital.com.br\/index.php?rest_route=\/wp\/v2\/media\/135266"}],"wp:attachment":[{"href":"https:\/\/diarioregionaldigital.com.br\/index.php?rest_route=%2Fwp%2Fv2%2Fmedia&parent=135265"}],"wp:term":[{"taxonomy":"category","embeddable":true,"href":"https:\/\/diarioregionaldigital.com.br\/index.php?rest_route=%2Fwp%2Fv2%2Fcategories&post=135265"},{"taxonomy":"post_tag","embeddable":true,"href":"https:\/\/diarioregionaldigital.com.br\/index.php?rest_route=%2Fwp%2Fv2%2Ftags&post=135265"}],"curies":[{"name":"wp","href":"https:\/\/api.w.org\/{rel}","templated":true}]}}