{"id":135254,"date":"2019-03-02T13:22:35","date_gmt":"2019-03-02T16:22:35","guid":{"rendered":"https:\/\/diarioregionaldigital.com.br\/?p=135254"},"modified":"2019-03-02T13:22:35","modified_gmt":"2019-03-02T16:22:35","slug":"mais-de-500-mulheres-sao-agredidas-por-hora-no-brasil-revela-pesquisa","status":"publish","type":"post","link":"https:\/\/diarioregionaldigital.com.br\/?p=135254","title":{"rendered":"Mais de 500 mulheres s\u00e3o agredidas por hora no Brasil, revela pesquisa"},"content":{"rendered":"<p>Levantamento do F\u00f3rum Brasileiro de Seguran\u00e7a P\u00fablica estima que mais de 16 milh\u00f5es de mulheres, cerca de 27,35% das brasileiras, sofreram algum tipo de viol\u00eancia durante o ano passado. De acordo com a pesquisa, 536 mulheres s\u00e3o agredidas por hora no pa\u00eds, sendo que 177 sofrem espancamento.<\/p>\n<p>A pesquisa do Instituto Datafolha ouviu 2.084 pessoas em 2018. Mais da metade (52%) das entrevistadas declarou que n\u00e3o procurou ajuda ap\u00f3s as agress\u00f5es; 15% falaram sobre o assunto com a fam\u00edlia; 10% fizeram den\u00fancia em delegacias da Mulher; 8% procuraram delegacias comuns; 8% procuraram a igreja e 5% ligaram para o telefone 190 da Pol\u00edcia Militar.<\/p>\n<p>A viol\u00eancia foi cometida, em 76,4% dos casos, por conhecidos, como c\u00f4njuge (23,9%), ex-c\u00f4njuge (15,2%), irm\u00e3os (4,9%), amigos (6,3%) e pais (7,2%).<\/p>\n<p>Os n\u00fameros indicam que o grupo mais vulner\u00e1vel est\u00e1 entre os 16 e os 24 anos, pois 66% das mulheres nessa faixa et\u00e1ria sofreram algum tipo de ass\u00e9dio. Na faixa dos 25 aos 34 anos, o \u00edndice \u00e9 de 54% e, dos 35 aos 44 anos, de 33%.<\/p>\n<p>O ass\u00e9dio, que, segundo a pesquisa, atingiu 37% das mulheres, aparece em forma de cantadas ou coment\u00e1rios desrespeitosos ao andar na rua (32%), cantadas ou coment\u00e1rios desrespeitosos no ambiente de trabalho (11,46%) e ass\u00e9dio f\u00edsico no transporte p\u00fablico (7,78%).<\/p>\n<p>Em casas noturnas, 6,24% das mulheres disseram que foram abordadas de maneira agressiva, com algu\u00e9m tocando seu corpo;\u00a0 5,02% foram agarradas ou beijadas \u00e0 for\u00e7a e 3,34% relataram tentativas de abuso por estarem embriagadas.<\/p>\n<p>Fonte: Ag\u00eancia Brasil<\/p>\n","protected":false},"excerpt":{"rendered":"<p>Levantamento do F\u00f3rum Brasileiro de Seguran\u00e7a P\u00fablica estima que mais de 16 milh\u00f5es de mulheres, cerca de 27,35% das brasileiras, sofreram algum tipo de viol\u00eancia durante o ano passado. De acordo com a pesquisa, 536 mulheres s\u00e3o agredidas por hora no pa\u00eds, sendo que 177 sofrem espancamento. A pesquisa do Instituto Datafolha ouviu 2.084 pessoas [&hellip;]<\/p>\n","protected":false},"author":96,"featured_media":135255,"comment_status":"closed","ping_status":"closed","sticky":false,"template":"","format":"standard","meta":{"footnotes":""},"categories":[302,436,439],"tags":[],"class_list":["post-135254","post","type-post","status-publish","format-standard","has-post-thumbnail","hentry","category-brasil-mundo","category-destaque-da-semana","category-ultima-hora"],"_links":{"self":[{"href":"https:\/\/diarioregionaldigital.com.br\/index.php?rest_route=\/wp\/v2\/posts\/135254","targetHints":{"allow":["GET"]}}],"collection":[{"href":"https:\/\/diarioregionaldigital.com.br\/index.php?rest_route=\/wp\/v2\/posts"}],"about":[{"href":"https:\/\/diarioregionaldigital.com.br\/index.php?rest_route=\/wp\/v2\/types\/post"}],"author":[{"embeddable":true,"href":"https:\/\/diarioregionaldigital.com.br\/index.php?rest_route=\/wp\/v2\/users\/96"}],"replies":[{"embeddable":true,"href":"https:\/\/diarioregionaldigital.com.br\/index.php?rest_route=%2Fwp%2Fv2%2Fcomments&post=135254"}],"version-history":[{"count":0,"href":"https:\/\/diarioregionaldigital.com.br\/index.php?rest_route=\/wp\/v2\/posts\/135254\/revisions"}],"wp:featuredmedia":[{"embeddable":true,"href":"https:\/\/diarioregionaldigital.com.br\/index.php?rest_route=\/wp\/v2\/media\/135255"}],"wp:attachment":[{"href":"https:\/\/diarioregionaldigital.com.br\/index.php?rest_route=%2Fwp%2Fv2%2Fmedia&parent=135254"}],"wp:term":[{"taxonomy":"category","embeddable":true,"href":"https:\/\/diarioregionaldigital.com.br\/index.php?rest_route=%2Fwp%2Fv2%2Fcategories&post=135254"},{"taxonomy":"post_tag","embeddable":true,"href":"https:\/\/diarioregionaldigital.com.br\/index.php?rest_route=%2Fwp%2Fv2%2Ftags&post=135254"}],"curies":[{"name":"wp","href":"https:\/\/api.w.org\/{rel}","templated":true}]}}