{"id":135251,"date":"2019-03-02T11:45:36","date_gmt":"2019-03-02T14:45:36","guid":{"rendered":"https:\/\/diarioregionaldigital.com.br\/?p=135251"},"modified":"2019-03-02T11:45:36","modified_gmt":"2019-03-02T14:45:36","slug":"lula-acompanha-velorio-do-neto-arthur-em-sao-bernardo","status":"publish","type":"post","link":"https:\/\/diarioregionaldigital.com.br\/?p=135251","title":{"rendered":"Lula acompanha vel\u00f3rio do neto Arthur em S\u00e3o Bernardo"},"content":{"rendered":"<p>O ex-presidente Luiz In\u00e1cio Lula da Silva acompanha\u00a0<span id=\"OBJ_PREFIX_DWT300_com_zimbra_date\" role=\"link\">neste s\u00e1bado,\u00a0<\/span>2, em S\u00e3o Bernardo do Campo, o vel\u00f3rio do neto, Arthur Lula da Silva. O menino, de 7 anos,\u00a0morreu na sexta-feira, 1\u00ba, de meningite meningoc\u00f3cica. Lula deixou a carceragem da Pol\u00edcia Federal (PF) em Curitiba, no Paran\u00e1, e viajou em um avi\u00e3o do governo do estado escoltado pela PF. Escoltado por policiais, Lula chegou ao cemit\u00e9rio no fim da manh\u00e3.<\/p>\n<p>Lula est\u00e1 preso desde\u00a0<span id=\"OBJ_PREFIX_DWT302_com_zimbra_date\" role=\"link\">7 de abril<\/span>\u00a0do ano passado pelos crimes de corrup\u00e7\u00e3o passiva e lavagem de dinheiro no caso do triplex do Guaruj\u00e1 (SP). A pena \u00e9 de 12 anos e um m\u00eas de pris\u00e3o.<\/p>\n<p>Em janeiro, o ex-presidente pediu autoriza\u00e7\u00e3o para sair da pris\u00e3o e comparecer ao vel\u00f3rio do irm\u00e3o, Genival In\u00e1cio da Silva, conhecido como Vav\u00e1, que morreu em decorr\u00eancia de c\u00e2ncer no pulm\u00e3o. No entanto, o pedido foi\u00a0negado pela ju\u00edza federal Carolina Lebbos.<\/p>\n<p>A decis\u00e3o foi confirmada pelo desembargador federal Leandro Paulsen, do TRF4, mas o presidente do Supremo Tribunal Federal (STF), ministro Dias Toffoli,\u00a0aceitou recurso da defesa e autorizou\u00a0a sa\u00edda de Lula. A\u00a0liminar\u00a0foi proferida cerca de 30 minutos antes do sepultamento do corpo e\u00a0Lula n\u00e3o foi ao enterro.<\/p>\n<p>Fonte: Ag\u00eancia Brasil<\/p>\n","protected":false},"excerpt":{"rendered":"<p>O ex-presidente Luiz In\u00e1cio Lula da Silva acompanha\u00a0neste s\u00e1bado,\u00a02, em S\u00e3o Bernardo do Campo, o vel\u00f3rio do neto, Arthur Lula da Silva. O menino, de 7 anos,\u00a0morreu na sexta-feira, 1\u00ba, de meningite meningoc\u00f3cica. Lula deixou a carceragem da Pol\u00edcia Federal (PF) em Curitiba, no Paran\u00e1, e viajou em um avi\u00e3o do governo do estado escoltado [&hellip;]<\/p>\n","protected":false},"author":96,"featured_media":99896,"comment_status":"closed","ping_status":"closed","sticky":false,"template":"","format":"standard","meta":{"footnotes":""},"categories":[302,436,439],"tags":[],"class_list":["post-135251","post","type-post","status-publish","format-standard","has-post-thumbnail","hentry","category-brasil-mundo","category-destaque-da-semana","category-ultima-hora"],"_links":{"self":[{"href":"https:\/\/diarioregionaldigital.com.br\/index.php?rest_route=\/wp\/v2\/posts\/135251","targetHints":{"allow":["GET"]}}],"collection":[{"href":"https:\/\/diarioregionaldigital.com.br\/index.php?rest_route=\/wp\/v2\/posts"}],"about":[{"href":"https:\/\/diarioregionaldigital.com.br\/index.php?rest_route=\/wp\/v2\/types\/post"}],"author":[{"embeddable":true,"href":"https:\/\/diarioregionaldigital.com.br\/index.php?rest_route=\/wp\/v2\/users\/96"}],"replies":[{"embeddable":true,"href":"https:\/\/diarioregionaldigital.com.br\/index.php?rest_route=%2Fwp%2Fv2%2Fcomments&post=135251"}],"version-history":[{"count":0,"href":"https:\/\/diarioregionaldigital.com.br\/index.php?rest_route=\/wp\/v2\/posts\/135251\/revisions"}],"wp:featuredmedia":[{"embeddable":true,"href":"https:\/\/diarioregionaldigital.com.br\/index.php?rest_route=\/wp\/v2\/media\/99896"}],"wp:attachment":[{"href":"https:\/\/diarioregionaldigital.com.br\/index.php?rest_route=%2Fwp%2Fv2%2Fmedia&parent=135251"}],"wp:term":[{"taxonomy":"category","embeddable":true,"href":"https:\/\/diarioregionaldigital.com.br\/index.php?rest_route=%2Fwp%2Fv2%2Fcategories&post=135251"},{"taxonomy":"post_tag","embeddable":true,"href":"https:\/\/diarioregionaldigital.com.br\/index.php?rest_route=%2Fwp%2Fv2%2Ftags&post=135251"}],"curies":[{"name":"wp","href":"https:\/\/api.w.org\/{rel}","templated":true}]}}